{"id":2821,"date":"2022-07-11T20:08:00","date_gmt":"2022-07-11T20:08:00","guid":{"rendered":"http:\/\/172.27.0.121\/?p=2821"},"modified":"2022-07-13T20:09:26","modified_gmt":"2022-07-13T20:09:26","slug":"embajadora-de-camboya-entrega-cartas-credenciales","status":"publish","type":"post","link":"https:\/\/prensapresidencialvenezuela.gob.ve\/index.php\/2022\/07\/11\/embajadora-de-camboya-entrega-cartas-credenciales\/","title":{"rendered":"Embajadora de Camboya entrega cartas credenciales"},"content":{"rendered":"\n<p><strong>Palacio de Miraflores, Caracas.- <\/strong>El jefe de Estado y Gobierno venezolano, Nicol\u00e1s Maduro Moros, recibe las cartas credenciales de la embajadora del Reino de Camboya ante la Rep\u00fablica de Cuba, concurrente en la Rep\u00fablica Bolivariana de Venezuela, Ban Borom.<\/p>\n\n\n\n<p>La Excelent\u00edsima se\u00f1ora Ban Borom es oriunda de la Provincia Kampong Cham, de Camboya. En su curr\u00edculo acad\u00e9mico destaca una Maestr\u00eda de Artes en Educaci\u00f3n del Instituto Pedag\u00f3gico Estatal de Lenguas Extranjeras de Kiev, Ucrania.<\/p>\n\n\n\n<p>En su amplia trayectoria est\u00e1 su labor en el Departamento del Cuerpo Diplom\u00e1tico&nbsp; del Ministerio de Relaciones Exteriores (1981-1984); Oficial de escritorio en el Departamento de \u00c1frica y Medio Oriente (1991\u20131994); y Vicec\u00f3nsul en el Consulado General de Camboya, en la Ciudad Ho Chi Minh de la Rep\u00fablica Socialista de Vietnam (1994\u20131997).<\/p>\n\n\n\n<p>Asimismo, fue consejera en Embajada Real de Camboya ante Jap\u00f3n (2004\u20132007) y en la Embajada Real de Camboya ante el Reino Unido de Gran Breta\u00f1a (2012\u20132015). En la actualidad tambi\u00e9n funge como Directora General Adjunta del Grupo de An\u00e1lisis y Previsi\u00f3n de la Investigaci\u00f3n, en el Ministerio de Asuntos Exteriores y Cooperaci\u00f3n Internacional (MFA-IC).<\/p>\n\n\n\n<p>La voluntad de ambas naciones est\u00e1 enfocada en el fortalecimiento de los v\u00ednculos bilaterales y de cooperaci\u00f3n en \u00e1reas que contribuyan al desarrollo en materia pol\u00edtica, econ\u00f3mica, comercial, cient\u00edfica, t\u00e9cnica y cultural entre Venezuela y Reino de Camboya.<\/p>\n\n\n\n<p>La entrega de las Cartas Credenciales&nbsp; se realiza este lunes en horas de la tarde, en el Palacio de Miraflores, ubicado en la capital del pa\u00eds.<\/p>\n\n\n\n<p><strong>Prensa Presidencial\/Eduardo Hueck<\/strong><\/p>\n\n\n\n<p><a rel=\"noreferrer noopener\" href=\"http:\/\/www.minci.gob.ve\/embajadora-de-camboya-entrega-cartas-credenciales\/#\" target=\"_blank\"><\/a><\/p>\n\n\n\n<p><a rel=\"noreferrer noopener\" href=\"https:\/\/plus.google.com\/share?url=http:\/\/www.minci.gob.ve\/embajadora-de-camboya-entrega-cartas-credenciales\/\" target=\"_blank\"><\/a><\/p>\n\n\n\n<p><a href=\"whatsapp:\/\/send?text=Embajadora%20de%20Camboya%20entrega%20cartas%20credenciales%20http%3A%2F%2Fwww.minci.gob.ve%2F%3Fp%3D433582\"><\/a><\/p>\n\n\n\n<p><a rel=\"noreferrer noopener\" href=\"\/\/msg?text=Embajadora%20de%20Camboya%20entrega%20cartas%20credenciales%20http%3A%2F%2Fwww.minci.gob.ve%2F%3Fp%3D433582\" target=\"_blank\"><\/a><\/p>\n\n\n\n<p><a rel=\"noreferrer noopener\" href=\"sms:&amp;body=Embajadora%20de%20Camboya%20entrega%20cartas%20credenciales%20http%3A%2F%2Fwww.minci.gob.ve%2F%3Fp%3D433582\" target=\"_blank\"><\/a><\/p>\n\n\n\n<p><a rel=\"noreferrer noopener\" href=\"http:\/\/compose.mail.yahoo.com\/?body=http:\/\/www.minci.gob.ve\/embajadora-de-camboya-entrega-cartas-credenciales\/\" target=\"_blank\"><\/a><\/p>\n\n\n\n<p><a rel=\"noreferrer noopener\" href=\"https:\/\/mail.google.com\/mail\/u\/0\/?view=cm&amp;fs=1&amp;su=Embajadora+de+Camboya+entrega+cartas+credenciales&amp;body=http:\/\/www.minci.gob.ve\/embajadora-de-camboya-entrega-cartas-credenciales\/&amp;ui=2&amp;tf=1\" target=\"_blank\"><\/a><\/p>\n","protected":false},"excerpt":{"rendered":"<p>Palacio de Miraflores, Caracas.- El jefe de Estado y Gobierno venezolano, Nicol\u00e1s Maduro Moros, recibe las cartas credenciales de la embajadora del Reino de Camboya ante la Rep\u00fablica de Cuba, concurrente en la Rep\u00fablica Bolivariana de Venezuela, Ban Borom. La Excelent\u00edsima se\u00f1ora Ban Borom es oriunda de la Provincia Kampong Cham, de Camboya. En su [&hellip;]<\/p>\n","protected":false},"author":6,"featured_media":2822,"comment_status":"open","ping_status":"open","sticky":false,"template":"","format":"standard","meta":{"footnotes":""},"categories":[7],"tags":[],"class_list":["post-2821","post","type-post","status-publish","format-standard","has-post-thumbnail","hentry","category-notas-de-prensa"],"_links":{"self":[{"href":"https:\/\/prensapresidencialvenezuela.gob.ve\/index.php\/wp-json\/wp\/v2\/posts\/2821","targetHints":{"allow":["GET"]}}],"collection":[{"href":"https:\/\/prensapresidencialvenezuela.gob.ve\/index.php\/wp-json\/wp\/v2\/posts"}],"about":[{"href":"https:\/\/prensapresidencialvenezuela.gob.ve\/index.php\/wp-json\/wp\/v2\/types\/post"}],"author":[{"embeddable":true,"href":"https:\/\/prensapresidencialvenezuela.gob.ve\/index.php\/wp-json\/wp\/v2\/users\/6"}],"replies":[{"embeddable":true,"href":"https:\/\/prensapresidencialvenezuela.gob.ve\/index.php\/wp-json\/wp\/v2\/comments?post=2821"}],"version-history":[{"count":1,"href":"https:\/\/prensapresidencialvenezuela.gob.ve\/index.php\/wp-json\/wp\/v2\/posts\/2821\/revisions"}],"predecessor-version":[{"id":2823,"href":"https:\/\/prensapresidencialvenezuela.gob.ve\/index.php\/wp-json\/wp\/v2\/posts\/2821\/revisions\/2823"}],"wp:featuredmedia":[{"embeddable":true,"href":"https:\/\/prensapresidencialvenezuela.gob.ve\/index.php\/wp-json\/wp\/v2\/media\/2822"}],"wp:attachment":[{"href":"https:\/\/prensapresidencialvenezuela.gob.ve\/index.php\/wp-json\/wp\/v2\/media?parent=2821"}],"wp:term":[{"taxonomy":"category","embeddable":true,"href":"https:\/\/prensapresidencialvenezuela.gob.ve\/index.php\/wp-json\/wp\/v2\/categories?post=2821"},{"taxonomy":"post_tag","embeddable":true,"href":"https:\/\/prensapresidencialvenezuela.gob.ve\/index.php\/wp-json\/wp\/v2\/tags?post=2821"}],"curies":[{"name":"wp","href":"https:\/\/api.w.org\/{rel}","templated":true}]}}