{"id":2830,"date":"2022-07-11T20:11:00","date_gmt":"2022-07-11T20:11:00","guid":{"rendered":"http:\/\/172.27.0.121\/?p=2830"},"modified":"2022-07-13T20:12:53","modified_gmt":"2022-07-13T20:12:53","slug":"embajador-de-turkiye-culmina-mision-diplomatica-en-venezuela","status":"publish","type":"post","link":"https:\/\/prensapresidencialvenezuela.gob.ve\/index.php\/2022\/07\/11\/embajador-de-turkiye-culmina-mision-diplomatica-en-venezuela\/","title":{"rendered":"Embajador de T\u00fcrkiye culmina misi\u00f3n diplom\u00e1tica en Venezuela"},"content":{"rendered":"\n<p><strong>Palacio de Miraflores, Caracas.- <\/strong>El presidente de la Rep\u00fablica Bolivariana de Venezuela, Nicol\u00e1s Maduro, despide al embajador Extraordinario y Plenipotenciario de la Rep\u00fablica de T\u00fcrkiye, \u015eevki M\u00fctevellio\u011flu, quien culmina sus funciones como diplom\u00e1tico ante el Estado venezolano.<\/p>\n\n\n\n<p>En la ceremonia de despedida el Jefe de Estado venezolano otorg\u00f3 la Orden Francisco de Miranda, en su categor\u00eda de General\u00edsimo, en reconocimiento a los a\u00f1os de servicio prestados en la naci\u00f3n.<\/p>\n\n\n\n<p>M\u00fctevellio\u011flu, es Licenciado en Ciencias Pol\u00edticas y Administraci\u00f3n P\u00fablica de la Universidad T\u00e9cnica de Oriente Medio, ubicada en Ankara, T\u00fcrkiye. En 1985, ingres\u00f3 al Ministerio de Relaciones Exteriores, ejerciendo el cargo de Tercer Secretario del Departamento de Operaciones Diplom\u00e1ticas de la Canciller\u00eda turca, funciones que desempe\u00f1\u00f3 hasta 1988.<\/p>\n\n\n\n<p>A lo largo de sus funciones pol\u00edticas, ha cumplido tareas en diversas \u00e1reas, entre las que destacan: Primer Secretario y Ministro Consejero en la Misi\u00f3n Permanente de T\u00fcrkiye ante la Comunidad Econ\u00f3mica Europea \u2013 CEE (1995-1999); Ministro Consejero en la Representaci\u00f3n Permanente de T\u00fcrkiye ante las Naciones Unidas (2001-2004).<\/p>\n\n\n\n<p>Asimismo, se desempe\u00f1\u00f3 como Jefe de Departamento en la Direcci\u00f3n General Adjunta para Relaciones con Uni\u00f3n Europa de la Canciller\u00eda turca (2006-2008), entre otros cargos.<\/p>\n\n\n\n<p>El 15 de marzo de 2018, present\u00f3 Copias de Estilo al entonces canciller Jorge Arreaza, en el marco de la XXIII Reuni\u00f3n Ordinaria del Consejo de Ministros de la Asociaci\u00f3n de Estados del Caribe (AEC), en Margarita. El 25 de junio de 2018, present\u00f3 Cartas Credenciales ante Venezuela.<\/p>\n\n\n\n<p>Las relaciones diplom\u00e1ticas entre Venezuela y T\u00fcrkiye, tienen sus inicios desde 1960, sin embargo, es hasta la llegada de la Revoluci\u00f3n Bolivariana que se afianzan con la creaci\u00f3n de acuerdos entre ambas naciones.<\/p>\n\n\n\n<p>Para 2016, presidente Maduro y su par de T\u00fcrkiye, Recep Tayyip Erdo\u011fan, inician una etapa de fortalecimiento en las relaciones, lo que permite vincular \u00e1reas de desarrollo entre las que destacan la agricultura, educaci\u00f3n, petr\u00f3leo y tecnolog\u00eda.<\/p>\n\n\n\n<p>Venezuela y T\u00fcrkiye mantienen v\u00ednculos comerciales y econ\u00f3micos fortalecidos en acuerdos bilaterales. En la reciente gira del presidente Maduro por Euroasia, ambas naciones revisaron los desaf\u00edos y avances, as\u00ed como tambi\u00e9n las alianzas para la consolidaci\u00f3n de la relaci\u00f3n diplom\u00e1tica que mantienen, basada en los principios de solidaridad, paz y autodeterminaci\u00f3n de los pueblos.<\/p>\n\n\n\n<p><strong>Prensa Presidencial\/Joelin Jim\u00e9nez<\/strong><\/p>\n","protected":false},"excerpt":{"rendered":"<p>Palacio de Miraflores, Caracas.- El presidente de la Rep\u00fablica Bolivariana de Venezuela, Nicol\u00e1s Maduro, despide al embajador Extraordinario y Plenipotenciario de la Rep\u00fablica de T\u00fcrkiye, \u015eevki M\u00fctevellio\u011flu, quien culmina sus funciones como diplom\u00e1tico ante el Estado venezolano. En la ceremonia de despedida el Jefe de Estado venezolano otorg\u00f3 la Orden Francisco de Miranda, en su [&hellip;]<\/p>\n","protected":false},"author":6,"featured_media":2831,"comment_status":"open","ping_status":"open","sticky":false,"template":"","format":"standard","meta":{"footnotes":""},"categories":[7],"tags":[],"class_list":["post-2830","post","type-post","status-publish","format-standard","has-post-thumbnail","hentry","category-notas-de-prensa"],"_links":{"self":[{"href":"https:\/\/prensapresidencialvenezuela.gob.ve\/index.php\/wp-json\/wp\/v2\/posts\/2830","targetHints":{"allow":["GET"]}}],"collection":[{"href":"https:\/\/prensapresidencialvenezuela.gob.ve\/index.php\/wp-json\/wp\/v2\/posts"}],"about":[{"href":"https:\/\/prensapresidencialvenezuela.gob.ve\/index.php\/wp-json\/wp\/v2\/types\/post"}],"author":[{"embeddable":true,"href":"https:\/\/prensapresidencialvenezuela.gob.ve\/index.php\/wp-json\/wp\/v2\/users\/6"}],"replies":[{"embeddable":true,"href":"https:\/\/prensapresidencialvenezuela.gob.ve\/index.php\/wp-json\/wp\/v2\/comments?post=2830"}],"version-history":[{"count":1,"href":"https:\/\/prensapresidencialvenezuela.gob.ve\/index.php\/wp-json\/wp\/v2\/posts\/2830\/revisions"}],"predecessor-version":[{"id":2832,"href":"https:\/\/prensapresidencialvenezuela.gob.ve\/index.php\/wp-json\/wp\/v2\/posts\/2830\/revisions\/2832"}],"wp:featuredmedia":[{"embeddable":true,"href":"https:\/\/prensapresidencialvenezuela.gob.ve\/index.php\/wp-json\/wp\/v2\/media\/2831"}],"wp:attachment":[{"href":"https:\/\/prensapresidencialvenezuela.gob.ve\/index.php\/wp-json\/wp\/v2\/media?parent=2830"}],"wp:term":[{"taxonomy":"category","embeddable":true,"href":"https:\/\/prensapresidencialvenezuela.gob.ve\/index.php\/wp-json\/wp\/v2\/categories?post=2830"},{"taxonomy":"post_tag","embeddable":true,"href":"https:\/\/prensapresidencialvenezuela.gob.ve\/index.php\/wp-json\/wp\/v2\/tags?post=2830"}],"curies":[{"name":"wp","href":"https:\/\/api.w.org\/{rel}","templated":true}]}}