{"id":2839,"date":"2022-07-11T20:15:00","date_gmt":"2022-07-11T20:15:00","guid":{"rendered":"http:\/\/172.27.0.121\/?p=2839"},"modified":"2022-07-13T20:16:10","modified_gmt":"2022-07-13T20:16:10","slug":"visita-del-presidente-erdogan-a-venezuela-impulsara-recuperacion-economica","status":"publish","type":"post","link":"https:\/\/prensapresidencialvenezuela.gob.ve\/index.php\/2022\/07\/11\/visita-del-presidente-erdogan-a-venezuela-impulsara-recuperacion-economica\/","title":{"rendered":"Visita del presidente Erdo\u011fan a Venezuela impulsar\u00e1 recuperaci\u00f3n econ\u00f3mica"},"content":{"rendered":"\n<p><strong>Palacio de Miraflores, Caracas. \u2013<\/strong>El presidente de la Rep\u00fablica de T\u00fcrkiye, Recep Tayyip Erdo\u011fan, visitar\u00e1 Venezuela en los pr\u00f3ximos d\u00edas, inform\u00f3 el jefe de Estado venezolano, Nicol\u00e1s Maduro. Con la estancia del Mandatario turco en suelo venezolano se avizora un mayor crecimiento econ\u00f3mico de la naci\u00f3n suramericana.<\/p>\n\n\n\n<p>\u201cEn los d\u00edas que est\u00e1n por venir estaremos recibiendo al presidente Erdo\u011fan en Venezuela, nuevamente, nos preparamos felices para que esa visita tenga un alto significado para el desarrollo y la recuperaci\u00f3n econ\u00f3mica de Venezuela. \u00a1Venezuela tiene con qu\u00e9! y tiene \u201cgrandes amigos en el mundo\u201d, dijo el Dignatario en el acto de homenaje al embajador de la Rep\u00fablica de T\u00fcrkiye ante la Rep\u00fablica Bolivariana de Venezuela, \u015eevki M\u00fctevellio\u011flu, quien culmina sus funciones como diplom\u00e1tico ante el Estado venezolano.<\/p>\n\n\n\n<p>El pasado 8 de junio, durante su visita a Ankara, el presidente Nicol\u00e1s Maduro informaba sobre la firma de tres acuerdos con T\u00fcrkiye, tras haber sostenido una reuni\u00f3n de alto nivel con su hom\u00f3logo turco, Recep Tayyip Erdo\u011fan.<\/p>\n\n\n\n<p>Detall\u00f3 en una rueda de prensa con su par turco que los acuerdos alcanzados se inscrib\u00edan en las \u00e1reas de turismo, agricultura y la financiera-monetaria, para sumarse as\u00ed a otros 54 acuerdos que ya han firmado ambas naciones dentro de su amplio mapa de cooperaci\u00f3n en desarrollo.<\/p>\n\n\n\n<p><strong>Agradecimiento a la labor cumplida<\/strong><\/p>\n\n\n\n<p>Este lunes, en sus palabras dedicadas al embajador saliente, el presidente Maduro agradeci\u00f3 por las funciones desempe\u00f1adas en Venezuela y dijo: \u201c\u00a1Muchas gracias!, esta es su casa para siempre. \u00a1Que viva la amistad entre T\u00fcrkiye y Venezuela!\u201d.<\/p>\n\n\n\n<p>En alusi\u00f3n al transitar de las relaciones bilaterales Venezuela \u2013 T\u00fcrkiye, durante la gesti\u00f3n como embajador de \u015eevki M\u00fctevellio\u011flu, el Mandatario venezolano manifest\u00f3 que estos a\u00f1os han sido de avances, en medio de coyunturas muy dif\u00edciles, lo cual \u201cle da un picante extra a los avances que hemos tenido estos a\u00f1os, porque han sido los a\u00f1os de la arremetida imperial contra Venezuela\u201d, que han incluido guarimbas, el poder paralelo, el desconocimiento de la autoridad leg\u00edtima en el pa\u00eds, y el robo de activos de Venezuela en el mundo, entre otras acciones arbitrarias contra Venezuela.<\/p>\n\n\n\n<p>Record\u00f3 que fue en medio de esta turbulencia que la naci\u00f3n suramericana fue encontrando su propio camino a la recuperaci\u00f3n y al desarrollo. \u201cGracias a Dios, a nuestro pueblo, al mundo, Venezuela ha contado con el nuevo mundo, y siempre usted al lado\u201d, dijo al embajador M\u00fctevellio\u011flu.<\/p>\n\n\n\n<p>El Jefe de Estado venezolano asever\u00f3 que el avance que han registrado las relaciones entre ambas naciones han sido posible producto de un esfuerzo compartido. \u201cHa sido decisivo querido amigo. As\u00ed que fue acertada la decisi\u00f3n que tom\u00e9 cuando usted me entregaba las cartas credenciales. Usted ha sido parte de este equipo de Venezuela, estamos ganando el juego\u201d, dijo al tambi\u00e9n valorar el sentido discurso emitido por el diplom\u00e1tico turco, con el cual \u201cdeja la marca en este acto de lo que ha sido su gesti\u00f3n\u201d, puntualiz\u00f3 el presidente Maduro.<\/p>\n\n\n\n<p><strong>Prensa Presidencial\/Ana\u00eds P\u00e9rez<\/strong><\/p>\n","protected":false},"excerpt":{"rendered":"<p>Palacio de Miraflores, Caracas. \u2013El presidente de la Rep\u00fablica de T\u00fcrkiye, Recep Tayyip Erdo\u011fan, visitar\u00e1 Venezuela en los pr\u00f3ximos d\u00edas, inform\u00f3 el jefe de Estado venezolano, Nicol\u00e1s Maduro. Con la estancia del Mandatario turco en suelo venezolano se avizora un mayor crecimiento econ\u00f3mico de la naci\u00f3n suramericana. \u201cEn los d\u00edas que est\u00e1n por venir estaremos [&hellip;]<\/p>\n","protected":false},"author":6,"featured_media":2840,"comment_status":"open","ping_status":"open","sticky":false,"template":"","format":"standard","meta":{"footnotes":""},"categories":[7],"tags":[],"class_list":["post-2839","post","type-post","status-publish","format-standard","has-post-thumbnail","hentry","category-notas-de-prensa"],"_links":{"self":[{"href":"https:\/\/prensapresidencialvenezuela.gob.ve\/index.php\/wp-json\/wp\/v2\/posts\/2839","targetHints":{"allow":["GET"]}}],"collection":[{"href":"https:\/\/prensapresidencialvenezuela.gob.ve\/index.php\/wp-json\/wp\/v2\/posts"}],"about":[{"href":"https:\/\/prensapresidencialvenezuela.gob.ve\/index.php\/wp-json\/wp\/v2\/types\/post"}],"author":[{"embeddable":true,"href":"https:\/\/prensapresidencialvenezuela.gob.ve\/index.php\/wp-json\/wp\/v2\/users\/6"}],"replies":[{"embeddable":true,"href":"https:\/\/prensapresidencialvenezuela.gob.ve\/index.php\/wp-json\/wp\/v2\/comments?post=2839"}],"version-history":[{"count":1,"href":"https:\/\/prensapresidencialvenezuela.gob.ve\/index.php\/wp-json\/wp\/v2\/posts\/2839\/revisions"}],"predecessor-version":[{"id":2841,"href":"https:\/\/prensapresidencialvenezuela.gob.ve\/index.php\/wp-json\/wp\/v2\/posts\/2839\/revisions\/2841"}],"wp:featuredmedia":[{"embeddable":true,"href":"https:\/\/prensapresidencialvenezuela.gob.ve\/index.php\/wp-json\/wp\/v2\/media\/2840"}],"wp:attachment":[{"href":"https:\/\/prensapresidencialvenezuela.gob.ve\/index.php\/wp-json\/wp\/v2\/media?parent=2839"}],"wp:term":[{"taxonomy":"category","embeddable":true,"href":"https:\/\/prensapresidencialvenezuela.gob.ve\/index.php\/wp-json\/wp\/v2\/categories?post=2839"},{"taxonomy":"post_tag","embeddable":true,"href":"https:\/\/prensapresidencialvenezuela.gob.ve\/index.php\/wp-json\/wp\/v2\/tags?post=2839"}],"curies":[{"name":"wp","href":"https:\/\/api.w.org\/{rel}","templated":true}]}}