{"id":2897,"date":"2022-04-14T17:00:00","date_gmt":"2022-04-14T17:00:00","guid":{"rendered":"http:\/\/172.27.0.121\/?p=2897"},"modified":"2022-07-13T20:57:14","modified_gmt":"2022-07-13T20:57:14","slug":"con-sabiduria-el-pueblo-eligio-presidente-a-nicolas-maduro-el-14-de-abril-de-2013","status":"publish","type":"post","link":"https:\/\/prensapresidencialvenezuela.gob.ve\/index.php\/2022\/04\/14\/con-sabiduria-el-pueblo-eligio-presidente-a-nicolas-maduro-el-14-de-abril-de-2013\/","title":{"rendered":"Con sabidur\u00eda el pueblo eligi\u00f3 presidente a Nicol\u00e1s Maduro el 14 de abril de 2013"},"content":{"rendered":"\n<p><strong>Palacio de Miraflores, Caracas.- <\/strong>El 14 de abril de 2013 el pueblo venezolano eligi\u00f3 como su presidente a Nicol\u00e1s Maduro. Cinco d\u00edas despu\u00e9s, el llamado por el pueblo como \u00abhijo de Ch\u00e1vez\u00bb se jurament\u00f3 ante el Parlamento e inici\u00f3 un gobierno orientado a profundizar los logros sociales para los sectores m\u00e1s necesitados.<\/p>\n\n\n\n<p><strong>Presidente encargado<\/strong><\/p>\n\n\n\n<p>El 8 de marzo del 2013, a pocos d\u00edas de la desaparici\u00f3n f\u00edsica del Comandante Hugo Ch\u00e1vez, es nombrado, Nicol\u00e1s Maduro oficialmente como Presidente encargado de la Rep\u00fablica Bolivariana de Venezuela, en cumplimiento al art\u00edculo 233 de la Constituci\u00f3n Nacional, que establece:\u201cSer\u00e1n faltas absolutas del Presidente o Presidenta de la Rep\u00fablica: la muerte, su renuncia, la destituci\u00f3n decretada por sentencia del Tribunal Supremo de Justicia, la incapacidad f\u00edsica o mental permanente certificada por una junta m\u00e9dica designada por el Tribunal Supremo de Justicia y con aprobaci\u00f3n de la Asamblea Nacional, el abandono del cargo, declarado \u00e9ste por la Asamblea Nacional, as\u00ed como la revocatoria popular de su mandato\u201d.<\/p>\n\n\n\n<p>Durante su discurso, Maduro anunci\u00f3 su primera acci\u00f3n de Gobierno: Pedir al Consejo Nacional Electoral (CNE) que convocara a elecciones presidenciales inmediatamente, de acuerdo a lo establecido en el citado art\u00edculo de la Carta Magna.<\/p>\n\n\n\n<p>\u201cCuando se produzca la falta absoluta del Presidente electo o Presidenta electa antes de tomar posesi\u00f3n, se proceder\u00e1 a una nueva elecci\u00f3n universal, directa y secreta dentro de los treinta d\u00edas consecutivos siguientes\u201d, se\u00f1ala la m\u00e1xima legislaci\u00f3n venezolana.<\/p>\n\n\n\n<p>La juramentaci\u00f3n estuvo a cargo del presidente de la Asamblea Nacional (AN), Diosdado Cabello. Maduro, se\u00f1al\u00f3 que cumplir\u00eda con la Constituci\u00f3n de la mano del pueblo libre.\u201cJuro a nombre de la memoria hist\u00f3rica de Sim\u00f3n Bol\u00edvar, de Ezequiel Zamora y de su ej\u00e9rcito desarmado, juro a nombre de nuestros ni\u00f1os, de los soldados de la Patria, de los obreros, de los campesinos, juro a nombre de la lealtad m\u00e1s absoluta al comandante Hugo Ch\u00e1vez que cumpliremos y haremos cumplir esta Constituci\u00f3n Bolivariana con la mano dura de un pueblo dispuesto a ser libre, \u00a1Lo juro!\u201d, dijo Maduro ante el Parlamento.<\/p>\n\n\n\n<p><strong>Triunfo revolucionario<\/strong><\/p>\n\n\n\n<p>Un poco antes de la medianoche del lunes 15 de abril de 2013, la presidenta del Consejo Nacional Electoral (CNE) de Venezuela, Tibisay Lucena, anunci\u00f3 que tras una jornada comicial de masiva participaci\u00f3n, el pueblo venezolano hab\u00eda escogido como presidente para el per\u00edodo 2013-2019 al candidato socialista Nicol\u00e1s Maduro.<\/p>\n\n\n\n<p>El abanderado del Partido Socialista Unido de Venezuela (PSUV) logr\u00f3 la victoria con 7.505.338 de los votos escrutados, lo que representaba, para ese momento, el 50.66 por ciento del total del padr\u00f3n electoral.\u201cHoy podemos decir que tenemos un triunfo electoral justo, legal, constitucional, popular (&#8230;) Ma\u00f1ana lunes 15 (de abril) la vida y el trabajo contin\u00faan y ahora con m\u00e1s ah\u00ednco y amor por el gigante (Hugo Ch\u00e1vez) la construcci\u00f3n del Plan de la Patria entra en una nueva fase de aceleraci\u00f3n y desarrollo\u201d, dijo Maduro tras el triunfo.<\/p>\n\n\n\n<p><strong>Gobernando pese a todo<\/strong><\/p>\n\n\n\n<p>Tomando en cuenta lo que pas\u00f3 m\u00e1s adelante, el triunfo electoral fue probablemente una de las cosas m\u00e1s sencillas para Maduro; quien despu\u00e9s de haber asumido el m\u00e1ximo cargo del ejecutivo nacional ha tenido que enfrentarse casi a diario con innumerables ataques de la ultraderecha, no solo en su contra sino en contra del proceso socialista.<\/p>\n\n\n\n<p>Tras la partida f\u00edsica de Ch\u00e1vez la ultraderecha se sinti\u00f3 fortalecida y confiaba que con Henrique Capriles (candidato de la derecha) volver\u00eda al poder, pero no tom\u00f3 en cuenta la convicci\u00f3n revolucionaria del pueblo venezolano. Sin embargo, tras una intensa e in\u00e9dita campa\u00f1a que solo llev\u00f3 a otra derrota de la oposici\u00f3n, la frustraci\u00f3n se exacerb\u00f3 y se planificaron diversas v\u00edas antidemocr\u00e1ticas para derrocar al Gobierno leg\u00edtimo.<\/p>\n\n\n\n<p>El Presidente ha denunciado en varias oportunidades que la burgues\u00eda opositora venezolana est\u00e1 aliada con la ultraderecha internacional e incluso con terroristas residenciados en Estados Unidos (EE.UU.).<\/p>\n\n\n\n<p>Ning\u00fan vocero gubernamental niega lo duras que pueden ser las consecuencias de cada intento golpista, pero tampoco se rinden en su lucha.<\/p>\n\n\n\n<p>Desde 2013 hasta hoy la Revoluci\u00f3n ha continuado sus avances en el incremento de la inversi\u00f3n social, la reducci\u00f3n de la pobreza extrema, la lucha contra la desigualdad, el fortalecimiento de la democracia, ampliaci\u00f3n de la matr\u00edcula escolar, aumento del acceso a la tecnolog\u00eda y la inclusi\u00f3n en todos los \u00e1mbitos.<\/p>\n\n\n\n<p>A todo esto se suma el irrefutable apoyo internacional a la Revoluci\u00f3n Bolivariana, manifestada tanto en organismos de integraci\u00f3n como la Organizaci\u00f3n de las Naciones Unidad (ONU), la Comunidad de Estados Latinoamericanos y Caribe\u00f1os (CELAC), la Alianza Bolivariana para los Pueblos de Nuestra Am\u00e9rica (ALBA), el G77+ China, Petrocaribe y la Comunidad del Caribe (Caricom); adem\u00e1s de otros gobiernos del mundo y, lo m\u00e1s importante el apoyo del pueblo venezolano que sigue fiel al legado de Ch\u00e1vez y en defensa del socialismo.<\/p>\n\n\n\n<p><strong>Prensa Presidencial \/ Karla Cotoret<\/strong><\/p>\n","protected":false},"excerpt":{"rendered":"<p>Palacio de Miraflores, Caracas.- El 14 de abril de 2013 el pueblo venezolano eligi\u00f3 como su presidente a Nicol\u00e1s Maduro. Cinco d\u00edas despu\u00e9s, el llamado por el pueblo como \u00abhijo de Ch\u00e1vez\u00bb se jurament\u00f3 ante el Parlamento e inici\u00f3 un gobierno orientado a profundizar los logros sociales para los sectores m\u00e1s necesitados. Presidente encargado El [&hellip;]<\/p>\n","protected":false},"author":6,"featured_media":2898,"comment_status":"open","ping_status":"open","sticky":false,"template":"","format":"standard","meta":{"footnotes":""},"categories":[10],"tags":[],"class_list":["post-2897","post","type-post","status-publish","format-standard","has-post-thumbnail","hentry","category-especiales"],"_links":{"self":[{"href":"https:\/\/prensapresidencialvenezuela.gob.ve\/index.php\/wp-json\/wp\/v2\/posts\/2897","targetHints":{"allow":["GET"]}}],"collection":[{"href":"https:\/\/prensapresidencialvenezuela.gob.ve\/index.php\/wp-json\/wp\/v2\/posts"}],"about":[{"href":"https:\/\/prensapresidencialvenezuela.gob.ve\/index.php\/wp-json\/wp\/v2\/types\/post"}],"author":[{"embeddable":true,"href":"https:\/\/prensapresidencialvenezuela.gob.ve\/index.php\/wp-json\/wp\/v2\/users\/6"}],"replies":[{"embeddable":true,"href":"https:\/\/prensapresidencialvenezuela.gob.ve\/index.php\/wp-json\/wp\/v2\/comments?post=2897"}],"version-history":[{"count":1,"href":"https:\/\/prensapresidencialvenezuela.gob.ve\/index.php\/wp-json\/wp\/v2\/posts\/2897\/revisions"}],"predecessor-version":[{"id":2899,"href":"https:\/\/prensapresidencialvenezuela.gob.ve\/index.php\/wp-json\/wp\/v2\/posts\/2897\/revisions\/2899"}],"wp:featuredmedia":[{"embeddable":true,"href":"https:\/\/prensapresidencialvenezuela.gob.ve\/index.php\/wp-json\/wp\/v2\/media\/2898"}],"wp:attachment":[{"href":"https:\/\/prensapresidencialvenezuela.gob.ve\/index.php\/wp-json\/wp\/v2\/media?parent=2897"}],"wp:term":[{"taxonomy":"category","embeddable":true,"href":"https:\/\/prensapresidencialvenezuela.gob.ve\/index.php\/wp-json\/wp\/v2\/categories?post=2897"},{"taxonomy":"post_tag","embeddable":true,"href":"https:\/\/prensapresidencialvenezuela.gob.ve\/index.php\/wp-json\/wp\/v2\/tags?post=2897"}],"curies":[{"name":"wp","href":"https:\/\/api.w.org\/{rel}","templated":true}]}}