{"id":2900,"date":"2022-04-25T12:59:00","date_gmt":"2022-04-25T12:59:00","guid":{"rendered":"http:\/\/172.27.0.121\/?p=2900"},"modified":"2022-07-13T21:02:07","modified_gmt":"2022-07-13T21:02:07","slug":"primera-constituyente-inicio-la-senda-revolucionaria-en-el-pais","status":"publish","type":"post","link":"https:\/\/prensapresidencialvenezuela.gob.ve\/index.php\/2022\/04\/25\/primera-constituyente-inicio-la-senda-revolucionaria-en-el-pais\/","title":{"rendered":"Primera Constituyente inici\u00f3 la senda revolucionaria en el pa\u00eds"},"content":{"rendered":"\n<p><strong>Palacio de Miraflores.-<\/strong> \u201cJuro delante de Dios, juro delante de la Patria, juro delante de mi pueblo que sobre esta moribunda Constituci\u00f3n impulsar\u00e9 las transformaciones democr\u00e1ticas necesarias para que la Rep\u00fablica nueva tenga una Carta Magna adecuada a los nuevos tiempos. Lo juro\u201d.<\/p>\n\n\n\n<p>As\u00ed, el l\u00edder de la Revoluci\u00f3n Bolivariana, Hugo Ch\u00e1vez, daba inicio a lo que ser\u00eda un gran proceso de transformaci\u00f3n y cambios en el \u00e1mbito social, educativo, legislativo y pol\u00edtico, entre otros para el pa\u00eds.<\/p>\n\n\n\n<p>El 25 de abril de 1999 los venezolanos participaban en una in\u00e9dita consulta, el primer referendo consultivo de la historia de Venezuela para reformar la Constituci\u00f3n, con lo que Ch\u00e1vez daba cumplimiento a su juramento. Tres millones 630 mil 998 personas -87,75% de los sufragantes- daban el \u201cS\u00cd\u201d al Gobierno Bolivariano con lo que se obten\u00eda la segunda victoria electoral revolucionaria, a la que se le sumaba el consentimiento de las bases propuestas por el Ejecutivo Nacional para esta, examinada y modificada por el Consejo Nacional Electoral, con el 81,77%.<\/p>\n\n\n\n<p>Para este entonces, los detractores comenzaban su guerra pol\u00edtica y se negaban al cambio que abr\u00eda las puertas a la democracia participativa y protag\u00f3nica del pueblo.<\/p>\n\n\n\n<p>Los y las venezolanas comienzan a discutir sus leyes, su Carta Magna y la participaci\u00f3n en nuevas reformas se consagra en el territorio nacional, adem\u00e1s, el Poder Ciudadano se convirti\u00f3 en el quinto poder aut\u00f3nomo, junto al Ejecutivo, Legislativo, Judicial y Electoral, los pueblos ind\u00edgenas y afrodescendientes fueron reconocidos y visibilizados, y se estableci\u00f3 la plena soberan\u00eda de los recursos naturales de la naci\u00f3n, incluyendo el petrolero.<\/p>\n\n\n\n<p>Ante tal proceso revolucionario, la derecha nacional intent\u00f3 gestar una campa\u00f1a de odio que incluy\u00f3 la quema p\u00fablica de copias de la nueva Constituci\u00f3n por parte de algunos representantes opositores, hechos que precedieron el intento de desestabilizaci\u00f3n del pa\u00eds en los a\u00f1os siguientes y que culmin\u00f3 con el golpe de Estado de abril de 2002 que derroc\u00f3 durante 24 horas a Ch\u00e1vez.<\/p>\n\n\n\n<p>Catorce a\u00f1os m\u00e1s tarde parec\u00eda que la historia daba la raz\u00f3n al l\u00edder revolucionario y en contraste a lo ocurrido en 2002, la oposici\u00f3n exhortaba al Gobierno \u2013ahora del presidente Nicol\u00e1s Maduro- convocar una Asamblea Nacional Constituyente (ANC) para \u201creconciliar al pa\u00eds\u201d.<\/p>\n\n\n\n<p>Mar\u00eda Corina Machado afirmaba que una Constituyente era \u00abla v\u00eda para lograr la reconciliaci\u00f3n nacional\u00bb, mientras que Freddy Guevara un a\u00f1o m\u00e1s tarde se\u00f1alaba su necesidad en aras de \u00abpoder cambiar todos los Poderes P\u00fablicos\u00bb, convocatoria que asumi\u00f3 el Jefe de Estado el 1 de mayo de 2017 en funci\u00f3n de conquistar la paz dada la negativa de la oposici\u00f3n de di\u00e1logo, y que posteriormente tambi\u00e9n rechazar\u00edan contundentemente.<\/p>\n\n\n\n<p>El doble discurso orquestado de la oposici\u00f3n con relaci\u00f3n a la ANC, al igual que en 1999, se bas\u00f3 en denunciar un supuesto \u201cfraude\u201d. Sin embargo, pareciera que inclinan la balanza a su favor cuando les conviene, pues desde enero de este a\u00f1o se han realizado interpretaciones al art\u00edculo 233 de la Carta Magna de acuerdo a sus intereses.<\/p>\n\n\n\n<p>El diputado de la Asamblea Nacional, en desacato judicial, Juan Guaid\u00f3 es quien ha encarnado el mayor ataque que se haya presenciado contra las leyes en el pa\u00eds y se autoproclam\u00f3 presidente encargado, pasando por alto lo que establece la normativa.<\/p>\n\n\n\n<p>\u201cSer\u00e1n faltas absolutas del Presidente o Presidenta de la Rep\u00fablica: la muerte, su renuncia, la destituci\u00f3n decretada por sentencia del Tribunal Supremo de Justicia, la incapacidad f\u00edsica o mental permanente certificada por una junta m\u00e9dica designada por el Tribunal Supremo de Justicia y con aprobaci\u00f3n de la Asamblea Nacional, el abandono del cargo, declarado \u00e9ste por la Asamblea Nacional, as\u00ed como la revocatoria popular de su mandato\u201d.<\/p>\n\n\n\n<p>Adem\u00e1s, refiere que \u201cCuando se produzca la falta absoluta del Presidente electo o Presidenta electa antes de tomar posesi\u00f3n, se proceder\u00e1 a una nueva elecci\u00f3n universal, directa y secreto dentro de los treinta d\u00edas consecutivos siguientes\u201d, situaciones que no se han presentado y por las que la oposici\u00f3n ha optado nuevamente por una agenda de violencia, esta vez bajo la exigencia de sanciones y ataques al pa\u00eds para generar un cambio de gobierno.<\/p>\n\n\n\n<p>Las pretensiones de la oposici\u00f3n por volver a las pol\u00edticas exclusivas de la IV Rep\u00fablica contin\u00faan tocando las puertas de naciones imperiales, pero el pueblo ha robustecido su consciencia pol\u00edtica y es por ello que sustentados en la Carta Magna defienden la soberan\u00eda nacional y el respecto a continuar transitando la senda revolucionaria.<\/p>\n\n\n\n<p><strong>Prensa Presidencial<\/strong><\/p>\n","protected":false},"excerpt":{"rendered":"<p>Palacio de Miraflores.- \u201cJuro delante de Dios, juro delante de la Patria, juro delante de mi pueblo que sobre esta moribunda Constituci\u00f3n impulsar\u00e9 las transformaciones democr\u00e1ticas necesarias para que la Rep\u00fablica nueva tenga una Carta Magna adecuada a los nuevos tiempos. Lo juro\u201d. As\u00ed, el l\u00edder de la Revoluci\u00f3n Bolivariana, Hugo Ch\u00e1vez, daba inicio a [&hellip;]<\/p>\n","protected":false},"author":6,"featured_media":2901,"comment_status":"open","ping_status":"open","sticky":false,"template":"","format":"standard","meta":{"footnotes":""},"categories":[10],"tags":[],"class_list":["post-2900","post","type-post","status-publish","format-standard","has-post-thumbnail","hentry","category-especiales"],"_links":{"self":[{"href":"https:\/\/prensapresidencialvenezuela.gob.ve\/index.php\/wp-json\/wp\/v2\/posts\/2900","targetHints":{"allow":["GET"]}}],"collection":[{"href":"https:\/\/prensapresidencialvenezuela.gob.ve\/index.php\/wp-json\/wp\/v2\/posts"}],"about":[{"href":"https:\/\/prensapresidencialvenezuela.gob.ve\/index.php\/wp-json\/wp\/v2\/types\/post"}],"author":[{"embeddable":true,"href":"https:\/\/prensapresidencialvenezuela.gob.ve\/index.php\/wp-json\/wp\/v2\/users\/6"}],"replies":[{"embeddable":true,"href":"https:\/\/prensapresidencialvenezuela.gob.ve\/index.php\/wp-json\/wp\/v2\/comments?post=2900"}],"version-history":[{"count":1,"href":"https:\/\/prensapresidencialvenezuela.gob.ve\/index.php\/wp-json\/wp\/v2\/posts\/2900\/revisions"}],"predecessor-version":[{"id":2902,"href":"https:\/\/prensapresidencialvenezuela.gob.ve\/index.php\/wp-json\/wp\/v2\/posts\/2900\/revisions\/2902"}],"wp:featuredmedia":[{"embeddable":true,"href":"https:\/\/prensapresidencialvenezuela.gob.ve\/index.php\/wp-json\/wp\/v2\/media\/2901"}],"wp:attachment":[{"href":"https:\/\/prensapresidencialvenezuela.gob.ve\/index.php\/wp-json\/wp\/v2\/media?parent=2900"}],"wp:term":[{"taxonomy":"category","embeddable":true,"href":"https:\/\/prensapresidencialvenezuela.gob.ve\/index.php\/wp-json\/wp\/v2\/categories?post=2900"},{"taxonomy":"post_tag","embeddable":true,"href":"https:\/\/prensapresidencialvenezuela.gob.ve\/index.php\/wp-json\/wp\/v2\/tags?post=2900"}],"curies":[{"name":"wp","href":"https:\/\/api.w.org\/{rel}","templated":true}]}}