{"id":2903,"date":"2022-04-27T17:40:00","date_gmt":"2022-04-27T17:40:00","guid":{"rendered":"http:\/\/172.27.0.121\/?p=2903"},"modified":"2022-07-13T21:10:10","modified_gmt":"2022-07-13T21:10:10","slug":"aristobulo-isturiz-un-autentico-revolucionario","status":"publish","type":"post","link":"https:\/\/prensapresidencialvenezuela.gob.ve\/index.php\/2022\/04\/27\/aristobulo-isturiz-un-autentico-revolucionario\/","title":{"rendered":"Arist\u00f3bulo Ist\u00fariz, un aut\u00e9ntico revolucionario"},"content":{"rendered":"\n<p><strong>Palacio de Miraflores, Caracas.-<\/strong> Recordar la vida y obra del profesor Arist\u00f3bulo Ist\u00fariz Almeida, quien cambio de paisaje el 27 de abril del 2021, convoca a honrar su legado de convicci\u00f3n revolucionaria y de servicio al pueblo humilde, y muy especialmente su entrega para sembrar las ideas del Bolivarianismo y de emancipaci\u00f3n en cada aula de clase y en las comunidades.<\/p>\n\n\n\n<p>El \u00abProfe\u00bb, como se le llamaba cari\u00f1osamente fue un hombre alegre, estudioso, humilde y un gran trabajador que inspirado en las doctrinas de Sim\u00f3n Bol\u00edvar, Sim\u00f3n Rodr\u00edguez y Luis Beltr\u00e1n Prieto Figueroa, pudo llevar el conocimiento liberador y popular a cada espacio que ganaba en las luchas sociales por construir un mundo mejor.<\/p>\n\n\n\n<p>Pol\u00edtico y maestro de profesi\u00f3n, Ist\u00fariz, inicia su carrera acad\u00e9mica y docente en el Instituto Experimental de Formaci\u00f3n Docente como Maestro de Educaci\u00f3n Primaria. Para el a\u00f1o 1974 se gradu\u00f3 de docente universitario egresado del Instituto Pedag\u00f3gico de Caracas UPEL, con el t\u00edtulo de Profesor de \u00abHistoria y Ciencias Sociales\u00bb.<\/p>\n\n\n\n<p>Con su amplia experiencia, Arist\u00f3bulo fue asesor y consultor de importantes instituciones gubernamentales en Planificaci\u00f3n y Desarrollo de proyectos educativos.Tras pertenecer a diferentes movimientos pol\u00edticos y sociales, se une al Partido Socialista Unido de Venezuela (PSUV), donde se destaca como uno de los principales l\u00edderes del movimiento bolivariano, adem\u00e1s ocupando importantes cargos de gobierno, entre ellos el \u00faltimo como ministro del Poder Popular para la Educaci\u00f3n (MPPE) y Vicepresidente Sectorial para el Socialismo Social y Territorial de la Rep\u00fablica Bolivariana de Venezuela.<\/p>\n\n\n\n<p>Arist\u00f3bulo Ist\u00fariz tambi\u00e9n fue ministro del Poder Popular para las Comunas y desde all\u00ed foment\u00f3 el entramado social del ejercicio de democracia directa en las barriadas, caser\u00edos y comunidades.<\/p>\n\n\n\n<p><strong>Una carrera pol\u00edtica con mirada social<\/strong><\/p>\n\n\n\n<p>En el mundo pol\u00edtico, Arist\u00f3bulo Ist\u00fariz se destac\u00f3 por su verbo aguerrido y transformador.Se desempe\u00f1\u00f3 como sindicalista siendo posteriormente gremialista del magisterio venezolano y fundador del sindicato unitario del magisterio (SUMA) del Distrito Federal, as\u00ed como miembro fundador de la Federaci\u00f3n de Maestros Fetramagisterio y dirigente de la Federaci\u00f3n Venezolana de Maestros (FVM), y del Colegios de Profesores de Venezuela.Ist\u00fariz, fue elegido en 1999, como representante a la nueva Asamblea Nacional Constituyente, donde ocupa la Segunda Vicepresidencia para sumar importantes aportes a la nueva Carta Magna, y profundizar la educaci\u00f3n universal, gratuita y de calidad que hoy abarca toda la vida de los sectores nacionales.Tambi\u00e9n ejerci\u00f3 la Vicepresidencia para Am\u00e9rica Latina y el Caribe del Centro Iberoamericano de Desarrollo Estrat\u00e9gico Urbano (CIDEU).<\/p>\n\n\n\n<p>Como Alcalde de Caracas, cargo de elecci\u00f3n popular que conquist\u00f3 con el voto en la cuarta Rep\u00fablica, profundiz\u00f3 en los temas referidos a la materia municipal y al desarrollo local, adelantando importantes cursos y proyectos de planificaci\u00f3n estrat\u00e9gica y de gesti\u00f3n para Alcald\u00edas y Gobernaciones.Trabajo conjunto con el Comandante Ch\u00e1vez.<\/p>\n\n\n\n<p>En las elecciones presidenciales de 1998, Arist\u00f3bulo Ist\u00fariz, decide apoyar la candidatura del Comandante Eterno Hugo Ch\u00e1vez, quien resulta electo como presidente de Venezuela. El Comandante Ch\u00e1vez lo nombr\u00f3 su Ministro de Educaci\u00f3n y en las elecciones regionales del 2012, el Partido Socialista Unido de Venezuela lo postula como candidato a la Gobernaci\u00f3n del Estado Anzo\u00e1tegui, ganando con amplia mayor\u00eda estas elecciones.<\/p>\n\n\n\n<p>Como ministro del Poder Popular para la Educaci\u00f3n durante el gobierno de Hugo Ch\u00e1vez, entre 2001-2007, coordin\u00f3 el Gabinete Social Educativo, siendo el m\u00e1ximo representante de la Comisi\u00f3n Presidencial de la Misi\u00f3n Robinson, programa de alfabetizaci\u00f3n masiva que alcanz\u00f3 rotundo \u00e9xito al declarar a nuestro pa\u00eds como \u00abTerritorio libre de analfabetismo\u00bb.<\/p>\n\n\n\n<p>Ist\u00fariz, jug\u00f3 un rol fundamental en el proceso de alfabetizaci\u00f3n de la Misi\u00f3n Robinson, donde apoy\u00f3 a miles de venezolanos que salieron del oscurantismo aprendiendo a leer y escribir.<\/p>\n\n\n\n<p>En otras importantes tareas pol\u00edticas destac\u00f3 como presidente de la Reuni\u00f3n Anual de Ministros de Educaci\u00f3n del Convenio Andr\u00e9s Bello (Remecab). M\u00e1s tarde, result\u00f3 electo como miembro de la Direcci\u00f3n Nacional y Vicepresidente del PSUV en la regi\u00f3n Capital y el estado Vargas.<\/p>\n\n\n\n<p><strong>Un apoyo incondicional para el Presidente Nicol\u00e1s Maduro<\/strong><\/p>\n\n\n\n<p>El 6 de enero de 2016, el presidente Nicol\u00e1s Maduro, designa a Arist\u00f3bulo Ist\u00fariz, como el nuevo Vicepresidente de la Rep\u00fablica Bolivariana de Venezuela en sustituci\u00f3n de Jorge Arreaza.<\/p>\n\n\n\n<p>Igualmente el presidente Nicol\u00e1s Maduro, lo designa para ocupar la Vicepresidencia Sectorial para el Desarrollo Social y Territorial, asumiendo el Ministerio del Poder Popular para las Comunas.<\/p>\n\n\n\n<p><strong>Una partida temprana<\/strong><\/p>\n\n\n\n<p>La Vicepresidenta Ejecutiva de la Rep\u00fablica, Delcy Rodr\u00edguez, informaba que Arist\u00f3bulo Ist\u00fariz hab\u00eda fallecido la noche del martes 27 de abril del 2021.<\/p>\n\n\n\n<p>\u00abCon profundo pesar lamentamos informar la partida de nuestro Profe, Arist\u00f3bulo Isturiz, combatiente de esta patria a la que dedic\u00f3 su vida\u00bb, se\u00f1al\u00f3 Delcy Rodr\u00edguez a trav\u00e9s de un mensaje publicado en su cuenta de la red social. <\/p>\n\n\n\n<p>\u00abLo acompa\u00f1\u00f3 hasta su \u00faltimo momento su sonrisa esperanzadora. El profe vivir\u00e1 en nosotros\u00bb.Por su parte el Presidente Nicol\u00e1s Maduro dijo que recordaremos a Arist\u00f3bulo como \u00abun aut\u00e9ntico revolucionario\u00bb.<\/p>\n\n\n\n<p><strong>Un legado doctrinario<\/strong><\/p>\n\n\n\n<p>El 28 de octubre del a\u00f1o 2021,qued\u00f3 formalmente instalada la Comisi\u00f3n Especial que recaba y sistematiza el acervo hist\u00f3rico, pol\u00edtico, cultural y de gesti\u00f3n del l\u00edder revolucionario Arist\u00f3bulo Ist\u00fariz, que ser\u00e1 difundido a trav\u00e9s de libros, documentos, foros, incluyendo actos l\u00fadicos dirigidos a ni\u00f1as y ni\u00f1os.<\/p>\n\n\n\n<p>La iniciativa se apunta a recopilar las ense\u00f1anzas del \u00abprofe\u00bb, que en cada rinc\u00f3n del pa\u00eds merecen ser reconocidas como doctrina emancipadora para las futuras generaciones.!Hasta la victoria siempre!!Que viva la Patria!<\/p>\n\n\n\n<p><strong>Prensa Presidencial \/ Eduardo Hueck<\/strong><\/p>\n","protected":false},"excerpt":{"rendered":"<p>Palacio de Miraflores, Caracas.- Recordar la vida y obra del profesor Arist\u00f3bulo Ist\u00fariz Almeida, quien cambio de paisaje el 27 de abril del 2021, convoca a honrar su legado de convicci\u00f3n revolucionaria y de servicio al pueblo humilde, y muy especialmente su entrega para sembrar las ideas del Bolivarianismo y de emancipaci\u00f3n en cada aula [&hellip;]<\/p>\n","protected":false},"author":6,"featured_media":2904,"comment_status":"open","ping_status":"open","sticky":false,"template":"","format":"standard","meta":{"footnotes":""},"categories":[10],"tags":[],"class_list":["post-2903","post","type-post","status-publish","format-standard","has-post-thumbnail","hentry","category-especiales"],"_links":{"self":[{"href":"https:\/\/prensapresidencialvenezuela.gob.ve\/index.php\/wp-json\/wp\/v2\/posts\/2903","targetHints":{"allow":["GET"]}}],"collection":[{"href":"https:\/\/prensapresidencialvenezuela.gob.ve\/index.php\/wp-json\/wp\/v2\/posts"}],"about":[{"href":"https:\/\/prensapresidencialvenezuela.gob.ve\/index.php\/wp-json\/wp\/v2\/types\/post"}],"author":[{"embeddable":true,"href":"https:\/\/prensapresidencialvenezuela.gob.ve\/index.php\/wp-json\/wp\/v2\/users\/6"}],"replies":[{"embeddable":true,"href":"https:\/\/prensapresidencialvenezuela.gob.ve\/index.php\/wp-json\/wp\/v2\/comments?post=2903"}],"version-history":[{"count":1,"href":"https:\/\/prensapresidencialvenezuela.gob.ve\/index.php\/wp-json\/wp\/v2\/posts\/2903\/revisions"}],"predecessor-version":[{"id":2905,"href":"https:\/\/prensapresidencialvenezuela.gob.ve\/index.php\/wp-json\/wp\/v2\/posts\/2903\/revisions\/2905"}],"wp:featuredmedia":[{"embeddable":true,"href":"https:\/\/prensapresidencialvenezuela.gob.ve\/index.php\/wp-json\/wp\/v2\/media\/2904"}],"wp:attachment":[{"href":"https:\/\/prensapresidencialvenezuela.gob.ve\/index.php\/wp-json\/wp\/v2\/media?parent=2903"}],"wp:term":[{"taxonomy":"category","embeddable":true,"href":"https:\/\/prensapresidencialvenezuela.gob.ve\/index.php\/wp-json\/wp\/v2\/categories?post=2903"},{"taxonomy":"post_tag","embeddable":true,"href":"https:\/\/prensapresidencialvenezuela.gob.ve\/index.php\/wp-json\/wp\/v2\/tags?post=2903"}],"curies":[{"name":"wp","href":"https:\/\/api.w.org\/{rel}","templated":true}]}}