{"id":2909,"date":"2022-05-01T13:09:00","date_gmt":"2022-05-01T13:09:00","guid":{"rendered":"http:\/\/172.27.0.121\/?p=2909"},"modified":"2022-07-13T21:31:02","modified_gmt":"2022-07-13T21:31:02","slug":"con-la-asamblea-nacional-constituyente-el-pueblo-consolido-la-paz-frente-al-fascismo","status":"publish","type":"post","link":"https:\/\/prensapresidencialvenezuela.gob.ve\/index.php\/2022\/05\/01\/con-la-asamblea-nacional-constituyente-el-pueblo-consolido-la-paz-frente-al-fascismo\/","title":{"rendered":"Con la Asamblea Nacional Constituyente el pueblo consolid\u00f3 la paz frente al fascismo"},"content":{"rendered":"\n<p><strong>Palacio de Miraflores, Caracas.-<\/strong> Una acci\u00f3n justa apegada a la Carta Magna, fue dirigida por el Presidente de la Rep\u00fablica Nicol\u00e1s Maduro, el 1\u00b0 de mayo de 2017, para que junto al pueblo se consolidar\u00e1 la defensa de la paz y de la soberan\u00eda del pa\u00eds y desde el seno de la clase trabajadora llam\u00f3 a instalar una Asamblea Nacional Constituyente, para derrotar al fascismo que hab\u00eda llenado de violencia, destrucci\u00f3n y muerte las calles.<\/p>\n\n\n\n<p>Los extremistas de la ultraderecha apoyada por Washington, con m\u00e9todos guerreristas se planteaban hacerse del poder pol\u00edtico que no hab\u00eda podido conquistar por la v\u00eda del voto, ante esto el jefe de Estado convoc\u00f3 al soberano que respondi\u00f3 m\u00e1s tarde en las urnas electorales para ratificar la paz que se fortalecer\u00eda el 30 de julio de 2017.<\/p>\n\n\n\n<p>En el a\u00f1o 2021, el Mandatario Nacional record\u00f3 durante su alocuci\u00f3n por la celebraci\u00f3n del D\u00eda Internacional del Trabajador y la Trabajadora.<\/p>\n\n\n\n<p>\u201cHace 4 a\u00f1os con la avenida Bol\u00edvar desbordada, en compa\u00f1\u00eda de la clase obrera, convoqu\u00e9 al Poder Constituyente Originario, contra la guarimba, la guerra y la violencia, convoqu\u00e9 una Asamblea Nacional Constituyente (ANC) democr\u00e1tica y ganamos la paz, la estabilidad; defendimos y preservamos la democracia, la Constituci\u00f3n\u201d.<\/p>\n\n\n\n<p>Desde la Plaza Bicentenario del Palacio de Miraflores, en Caracas, el Mandatario se\u00f1al\u00f3 que con la convocatoria se busc\u00f3 \u00abvencer el golpe de Estado y perfeccionar el sistema econ\u00f3mico, social y pol\u00edtico del pueblo\u00bb.<\/p>\n\n\n\n<p>Con el respaldo en los art\u00edculos 347, 348 y 349 de la Constituci\u00f3n de la Rep\u00fablica Bolivariana de Venezuela, el Jefe de Estado firm\u00f3 &#8211; en el 2017- el decreto presidencial N\u00b0 2830, que contemplaba la convocatoria y las bases comiciales de la ANC, con el fin de acabar los ataques terroristas surgidos durante los meses abril y julio de ese a\u00f1o, por sectores de la ultraderecha venezolana.Para ese entonces, el presidente Maduro design\u00f3 a una comisi\u00f3n presidencial, liderada por El\u00edas Jaua, para llevar la propuesta a la consulta de las bases populares y esclarecer todas las dudas sobre el Poder Constituyente Originario.<\/p>\n\n\n\n<p>Por su parte, el abogado constitucionalista Hermann Escarr\u00e1, explic\u00f3 que no se trataba de elaborar una nueva Constituci\u00f3n, \u201csino de una reorganizaci\u00f3n del Estado y adicionar los programas y conquistas sociales\u00bb.<\/p>\n\n\n\n<p>Gracias al voto democr\u00e1tico del pueblo venezolano, el 30 de julio de 2017, se instal\u00f3 el Poder Originario con el prop\u00f3sito de promover la paz, la justicia social y el perfeccionamiento del m\u00e1ximo instrumento jur\u00eddico de la Naci\u00f3n. La vigencia de la ANC abarc\u00f3 m\u00e1s de 3 a\u00f1os, desde el 4 de agosto de 2017 hasta el 18 de diciembre de 2020, y estuvo conformada por 545 integrantes.<\/p>\n\n\n\n<p>Una de las primeras acciones de la ANC fue remover a la entonces Fiscal General de la Rep\u00fablica, Luisa Ortega D\u00edaz, a quien se le comprob\u00f3 -meses m\u00e1s tarde- hechos de corrupci\u00f3n y conspiraci\u00f3n en contra del gobierno leg\u00edtimamente constituido.<\/p>\n\n\n\n<p>Para el 16 de agosto comenz\u00f3 a funcionar la Comisi\u00f3n de la Verdad, Justicia y Reparaci\u00f3n de las V\u00edctimas, creada por la ANC para estudiar los casos de violencia pol\u00edtica entre 1999 y 2017. La comisi\u00f3n estaba dirigida por la entonces presidenta de la ANC, Delcy Rodr\u00edguez.<\/p>\n\n\n\n<p><strong>ANC promotora de la tolerancia y el respeto<\/strong><\/p>\n\n\n\n<p>El 8 de noviembre de 2017 en Gaceta Oficial n\u00famero 41.274, la ANC aprob\u00f3 la Ley Constitucional Contra el Odio por la Convivencia Pac\u00edfica y la Tolerancia, con el objetivo de promover y garantizar el reconocimiento de la diversidad, la tolerancia y el respeto rec\u00edproco, adem\u00e1s de \u201cerradicar toda forma de odio, hostigamiento, discriminaci\u00f3n y violencia, preservando la paz, la tranquilidad p\u00fablica y proteger a la Naci\u00f3n\u201d.<\/p>\n\n\n\n<p>Esta Ley surge para rechazar los actos violentos producidos por sectores de la derecha en el pa\u00eds entre abril y julio de 2017, lapso en el cual no s\u00f3lo se destrozaron instituciones, sino que tambi\u00e9n se dej\u00f3 un saldo de m\u00e1s de 160 fallecidos.<\/p>\n\n\n\n<p><strong>Combate contra la guerra econ\u00f3mica<\/strong><\/p>\n\n\n\n<p>Otra medida aprobada por la ANC, fue la Ley Constitucional de Inversi\u00f3n Extranjera Productiva, creada para regular las inversiones internacionales en bienes y servicios, \u201cpromoviendo un aporte productivo que contribuya a desarrollar las potencialidades productivas existentes en el pa\u00eds\u201d, reza la Ley.<\/p>\n\n\n\n<p>Para principios de 2018, los legisladores y legisladoras de la ANC crearon la Ley Constitucional contra la Guerra Econ\u00f3mica para la Racionalidad y Uniformidad en la Adquisici\u00f3n de Bienes y Obras P\u00fablicas, instrucciones que fueron aplicadas en la Administraci\u00f3n P\u00fablica nacional, estadal y municipal.<\/p>\n\n\n\n<p><strong>Defensa<\/strong> <strong>de la Soberan\u00eda Nacional<\/strong><\/p>\n\n\n\n<p>Desde su creaci\u00f3n la ANC promovi\u00f3 y aprob\u00f3 decretos en defensa de la soberan\u00eda, la independencia y la democracia venezolana. Un ejemplo de ello, fue que en el mes de junio de 2018, el Poder Plenipotenciario emiti\u00f3 el decreto en rechazo a las medidas unilaterales impuestas por la Uni\u00f3n Europea (UE) contra funcionarios del Estado.Asimismo, la ANC aprob\u00f3 el decreto en rechazo a la declaraci\u00f3n del autodenominado Grupo de Lima, quienes en subordinaci\u00f3n a las pretensiones intervencionistas promovidas por el gobierno de Estados Unidos (EE.UU), pretenden socavar la democracia en el pa\u00eds.<\/p>\n\n\n\n<p>Desde su creaci\u00f3n, la ANC impuls\u00f3 el di\u00e1logo con sectores de la oposici\u00f3n venezolana, adem\u00e1s de promover la econom\u00eda y productividad en el pa\u00eds.Gracias a las alianzas estrat\u00e9gicas de la Rep\u00fablica Bolivariana de Venezuela con pa\u00edses hermanos, las unidades de producci\u00f3n, organizaciones socioproductivas y dem\u00e1s formas de asociaci\u00f3n permitidas, el pueblo venezolano ha ejercido su poder constitucional y afianza las bases de la Revoluci\u00f3n Bolivariana.<\/p>\n\n\n\n<p><strong>Prensa Presidencial \/ Joelin Jim\u00e9nez<\/strong><\/p>\n","protected":false},"excerpt":{"rendered":"<p>Palacio de Miraflores, Caracas.- Una acci\u00f3n justa apegada a la Carta Magna, fue dirigida por el Presidente de la Rep\u00fablica Nicol\u00e1s Maduro, el 1\u00b0 de mayo de 2017, para que junto al pueblo se consolidar\u00e1 la defensa de la paz y de la soberan\u00eda del pa\u00eds y desde el seno de la clase trabajadora llam\u00f3 [&hellip;]<\/p>\n","protected":false},"author":6,"featured_media":2911,"comment_status":"open","ping_status":"open","sticky":false,"template":"","format":"standard","meta":{"footnotes":""},"categories":[10],"tags":[],"class_list":["post-2909","post","type-post","status-publish","format-standard","has-post-thumbnail","hentry","category-especiales"],"_links":{"self":[{"href":"https:\/\/prensapresidencialvenezuela.gob.ve\/index.php\/wp-json\/wp\/v2\/posts\/2909","targetHints":{"allow":["GET"]}}],"collection":[{"href":"https:\/\/prensapresidencialvenezuela.gob.ve\/index.php\/wp-json\/wp\/v2\/posts"}],"about":[{"href":"https:\/\/prensapresidencialvenezuela.gob.ve\/index.php\/wp-json\/wp\/v2\/types\/post"}],"author":[{"embeddable":true,"href":"https:\/\/prensapresidencialvenezuela.gob.ve\/index.php\/wp-json\/wp\/v2\/users\/6"}],"replies":[{"embeddable":true,"href":"https:\/\/prensapresidencialvenezuela.gob.ve\/index.php\/wp-json\/wp\/v2\/comments?post=2909"}],"version-history":[{"count":1,"href":"https:\/\/prensapresidencialvenezuela.gob.ve\/index.php\/wp-json\/wp\/v2\/posts\/2909\/revisions"}],"predecessor-version":[{"id":2912,"href":"https:\/\/prensapresidencialvenezuela.gob.ve\/index.php\/wp-json\/wp\/v2\/posts\/2909\/revisions\/2912"}],"wp:featuredmedia":[{"embeddable":true,"href":"https:\/\/prensapresidencialvenezuela.gob.ve\/index.php\/wp-json\/wp\/v2\/media\/2911"}],"wp:attachment":[{"href":"https:\/\/prensapresidencialvenezuela.gob.ve\/index.php\/wp-json\/wp\/v2\/media?parent=2909"}],"wp:term":[{"taxonomy":"category","embeddable":true,"href":"https:\/\/prensapresidencialvenezuela.gob.ve\/index.php\/wp-json\/wp\/v2\/categories?post=2909"},{"taxonomy":"post_tag","embeddable":true,"href":"https:\/\/prensapresidencialvenezuela.gob.ve\/index.php\/wp-json\/wp\/v2\/tags?post=2909"}],"curies":[{"name":"wp","href":"https:\/\/api.w.org\/{rel}","templated":true}]}}