{"id":2920,"date":"2022-05-10T14:51:00","date_gmt":"2022-05-10T14:51:00","guid":{"rendered":"http:\/\/172.27.0.121\/?p=2920"},"modified":"2022-07-13T21:54:09","modified_gmt":"2022-07-13T21:54:09","slug":"venezuela-conmemora-el-dia-de-la-afrovenezolanidad-ratificando-su-lucha-por-la-equidad-social","status":"publish","type":"post","link":"https:\/\/prensapresidencialvenezuela.gob.ve\/index.php\/2022\/05\/10\/venezuela-conmemora-el-dia-de-la-afrovenezolanidad-ratificando-su-lucha-por-la-equidad-social\/","title":{"rendered":"Venezuela conmemora el D\u00eda de la Afrovenezolanidad ratificando su lucha por la equidad social"},"content":{"rendered":"\n<p><strong>Palacio de Miraflores, Caracas.- <\/strong>Desde el 2005, cada 10 de mayo, se conmemora el D\u00eda de la Afrovenezolanidad, para rendir tributo a la lucha contra la esclavitud que liberaron los hermanos africanos en el pa\u00eds.<\/p>\n\n\n\n<p>El 10 de mayo de 1795, en la hacienda conocida entonces como Macanillas, en la Sierra de Coro, estado Falc\u00f3n, el zambo Jos\u00e9 Leonardo Chirino, lider\u00f3 un movimiento que buscaba soluciones palpables para la igualdad social y la abolici\u00f3n definitiva de la esclavitud. Esta insurrecci\u00f3n cont\u00f3 con ideales de la Revoluci\u00f3n Haitiana y la Revoluci\u00f3n Francesa.<\/p>\n\n\n\n<p>Este alzamiento logr\u00f3 que posteriormente los espa\u00f1oles disminuyeran los impuestos y tambi\u00e9n abri\u00f3 caminos para gestas pre-independentistas, como el movimiento de Manuel Gual y Jos\u00e9 Mar\u00eda Espa\u00f1a.<\/p>\n\n\n\n<p>Chirino, inspirado por la Revoluci\u00f3n Francesa y paralelo a la rebeli\u00f3n de los africanos en el Santo Domingo Franc\u00e9s, hoy Hait\u00ed, impuls\u00f3 aquella rebeli\u00f3n con el objetivo de eliminar los impuestos cobrados a las clases humildes, erradicaci\u00f3n de la esclavitud e igualdad de las clases sociales y la supresi\u00f3n de los privilegios.<\/p>\n\n\n\n<p>Chirino, fue perseguido por las autoridades, escap\u00f3 y se refugi\u00f3 en la selva hasta que fue traicionado por un conocido en Baragua. Fue capturado por las autoridades en agosto de 1795 y trasladado a Caracas.La Real Audiencia lo conden\u00f3 a la horca, el 10 de diciembre de 1796, sentencia que se ejecut\u00f3 en la plaza Mayor de esa ciudad (hoy plaza Bol\u00edvar). La cabeza de Chirino fue puesta en una jaula de hierro que se coloc\u00f3 en el camino hacia los Valles de Aragua y Coro, mientras sus manos cortadas se fijaron en Caujarao y Curimagua.<\/p>\n\n\n\n<p>Esta fecha recuerda la sublevaci\u00f3n de otros grupos de cimarrones excluidos a lo largo de la historia, debido a que el movimiento impact\u00f3 la pol\u00edtica, el \u00e1rea social y econ\u00f3mica de la sociedad colonial venezolana.Para el a\u00f1o 2004, el Comandante Eterno Hugo Ch\u00e1vez, cre\u00f3 la Comisi\u00f3n Presidencial contra la Discriminaci\u00f3n Racial, y un a\u00f1o despu\u00e9s, como homenaje a esos acontecimientos y de todas aquellas luchas de los afrovenezolanos para erradicar definitivamente la explotaci\u00f3n y exclusi\u00f3n social, el Estado venezolano decret\u00f3 el 10 de mayo como D\u00eda Nacional de la Afrovenezolanidad.<\/p>\n\n\n\n<p>Con esta decisi\u00f3n se reivindican la resistencia y dignidad de los africanos en su lucha constante por la libertad y la igualdad de derechos.Por su parte, el presidente de la Rep\u00fablica Bolivariana de Venezuela, Nicol\u00e1s Maduro, a\u00f1o tras a\u00f1o, reconoce y exalta la lucha y resistencia afrovenezolana, con el firme prop\u00f3sito de reconocer la cultura e historia del pa\u00eds.<\/p>\n\n\n\n<p>\u201cDesde 2005 conmemoramos el D\u00eda de la Afrovenezolanidad, recordando aquel grito de rebeld\u00eda que iniciaron nuestros hermanos al mando de Jos\u00e9 Leonardo Chirino contra la esclavitud. Homenajeamos la resistencia y lucha de estos hombres por la igualdad y la libertad\u201d, destac\u00f3 el Mandatario nacional en una publicaci\u00f3n en su cuenta oficial en la red social Twitter @NicolasMaduro.<\/p>\n\n\n\n<p>Venezuela ratifica su compromiso con la justicia e igualdad, ofreciendo calidad de vida, con los programas sociales, que permiten la materializaci\u00f3n de condiciones laborales, econ\u00f3micas, de salud y vivienda en los venezolanos y venezolanas, as\u00ed como garantizando los derechos fundamentales cada vez con mayor inclusi\u00f3n social.<\/p>\n\n\n\n<p><strong>Prensa Presidencial \/ Joelin Jim\u00e9nez<\/strong><\/p>\n","protected":false},"excerpt":{"rendered":"<p>Palacio de Miraflores, Caracas.- Desde el 2005, cada 10 de mayo, se conmemora el D\u00eda de la Afrovenezolanidad, para rendir tributo a la lucha contra la esclavitud que liberaron los hermanos africanos en el pa\u00eds. El 10 de mayo de 1795, en la hacienda conocida entonces como Macanillas, en la Sierra de Coro, estado Falc\u00f3n, [&hellip;]<\/p>\n","protected":false},"author":6,"featured_media":2921,"comment_status":"open","ping_status":"open","sticky":false,"template":"","format":"standard","meta":{"footnotes":""},"categories":[10],"tags":[],"class_list":["post-2920","post","type-post","status-publish","format-standard","has-post-thumbnail","hentry","category-especiales"],"_links":{"self":[{"href":"https:\/\/prensapresidencialvenezuela.gob.ve\/index.php\/wp-json\/wp\/v2\/posts\/2920","targetHints":{"allow":["GET"]}}],"collection":[{"href":"https:\/\/prensapresidencialvenezuela.gob.ve\/index.php\/wp-json\/wp\/v2\/posts"}],"about":[{"href":"https:\/\/prensapresidencialvenezuela.gob.ve\/index.php\/wp-json\/wp\/v2\/types\/post"}],"author":[{"embeddable":true,"href":"https:\/\/prensapresidencialvenezuela.gob.ve\/index.php\/wp-json\/wp\/v2\/users\/6"}],"replies":[{"embeddable":true,"href":"https:\/\/prensapresidencialvenezuela.gob.ve\/index.php\/wp-json\/wp\/v2\/comments?post=2920"}],"version-history":[{"count":1,"href":"https:\/\/prensapresidencialvenezuela.gob.ve\/index.php\/wp-json\/wp\/v2\/posts\/2920\/revisions"}],"predecessor-version":[{"id":2922,"href":"https:\/\/prensapresidencialvenezuela.gob.ve\/index.php\/wp-json\/wp\/v2\/posts\/2920\/revisions\/2922"}],"wp:featuredmedia":[{"embeddable":true,"href":"https:\/\/prensapresidencialvenezuela.gob.ve\/index.php\/wp-json\/wp\/v2\/media\/2921"}],"wp:attachment":[{"href":"https:\/\/prensapresidencialvenezuela.gob.ve\/index.php\/wp-json\/wp\/v2\/media?parent=2920"}],"wp:term":[{"taxonomy":"category","embeddable":true,"href":"https:\/\/prensapresidencialvenezuela.gob.ve\/index.php\/wp-json\/wp\/v2\/categories?post=2920"},{"taxonomy":"post_tag","embeddable":true,"href":"https:\/\/prensapresidencialvenezuela.gob.ve\/index.php\/wp-json\/wp\/v2\/tags?post=2920"}],"curies":[{"name":"wp","href":"https:\/\/api.w.org\/{rel}","templated":true}]}}