{"id":29261,"date":"2025-12-07T21:00:00","date_gmt":"2025-12-08T01:00:00","guid":{"rendered":"https:\/\/prensapresidencialvenezuela.gob.ve\/?p=29261"},"modified":"2025-12-08T11:54:33","modified_gmt":"2025-12-08T15:54:33","slug":"presidente-maduro-inaugura-iii-juegos-nacionales-comunales-2025-y-destaca-papel-del-deporte-en-la-consolidacion-de-la-paz","status":"publish","type":"post","link":"https:\/\/prensapresidencialvenezuela.gob.ve\/index.php\/2025\/12\/07\/presidente-maduro-inaugura-iii-juegos-nacionales-comunales-2025-y-destaca-papel-del-deporte-en-la-consolidacion-de-la-paz\/","title":{"rendered":"Presidente Maduro inaugura III Juegos Nacionales Comunales 2025 y destaca papel del deporte en la consolidaci\u00f3n de la paz"},"content":{"rendered":"\n<p><strong>M\u00e9rida, Venezuela.-<\/strong>El Presidente de la Rep\u00fablica Bolivariana de Venezuela, Nicol\u00e1s Maduro Moros, inaugur\u00f3 este domingo la III edici\u00f3n de los Juegos Deportivos Nacionales Comunales 2025, a trav\u00e9s de un contacto telef\u00f3nico, en el que aprovech\u00f3 la ocasi\u00f3n de destacar la trascendencia del papel del Poder Popular en el desarrollo social, deportivo y la paz del pa\u00eds.<\/p>\n\n\n\n<p>En la gala inaugural de esta justa deportiva que se disputar\u00e1 en simult\u00e1neo en los estados M\u00e9rida, Trujillo y T\u00e1chira, el Jefe de Estado enfatiz\u00f3 el \u00e9xito del modelo deportivo que se est\u00e1 consolidando en la naci\u00f3n y en todos los niveles de la sociedad.<\/p>\n\n\n\n<blockquote class=\"wp-block-quote is-layout-flow wp-block-quote-is-layout-flow\">\n<p>\u201cEstamos desarrollando un sistema deportivo que tiene bases profundas en los liceos, en las universidades, en los campos deportivos, con los Juegos Nacionales, con los Juegos Estudiantiles y ahora un sistema deportivo donde han participado 1.545.000 atletas y deportistas y, de esos, han llegado a los Juegos Nacionales 6.105. Extraordinario sistema que logra unir la generaci\u00f3n de oro y la generaci\u00f3n genial. Futuros medallistas ol\u00edmpicos, mundiales, panamericanos para nuestro pa\u00eds\u00bb, expres\u00f3.<\/p>\n<\/blockquote>\n\n\n\n<figure class=\"wp-block-image size-large\"><img fetchpriority=\"high\" decoding=\"async\" width=\"1024\" height=\"569\" src=\"https:\/\/prensapresidencialvenezuela.gob.ve\/wp-content\/uploads\/2025\/12\/photo_5887698567483296808_x-1-1-1024x569.jpg\" alt=\"\" class=\"wp-image-29272\" srcset=\"https:\/\/prensapresidencialvenezuela.gob.ve\/wp-content\/uploads\/2025\/12\/photo_5887698567483296808_x-1-1-1024x569.jpg 1024w, https:\/\/prensapresidencialvenezuela.gob.ve\/wp-content\/uploads\/2025\/12\/photo_5887698567483296808_x-1-1-300x167.jpg 300w, https:\/\/prensapresidencialvenezuela.gob.ve\/wp-content\/uploads\/2025\/12\/photo_5887698567483296808_x-1-1-768x427.jpg 768w, https:\/\/prensapresidencialvenezuela.gob.ve\/wp-content\/uploads\/2025\/12\/photo_5887698567483296808_x-1-1.jpg 1080w\" sizes=\"(max-width: 1024px) 100vw, 1024px\" \/><\/figure>\n\n\n\n<blockquote class=\"wp-block-quote is-layout-flow wp-block-quote-is-layout-flow\">\n<p>En este sentido, reiter\u00f3 la visi\u00f3n estrat\u00e9gica de las estructuras de base para la construcci\u00f3n de la Patria, alineando el deporte con la consolidaci\u00f3n de la paz. \u201cLa comuna es el camino de la construcci\u00f3n de la nueva sociedad, de dar opciones y soluciones para una sociedad de armon\u00eda, para consolidar la paz estructural y perpetua de nuestro pa\u00eds\u201d, enfatiz\u00f3.<\/p>\n<\/blockquote>\n\n\n\n<p>Al culminar su alocuci\u00f3n, el Presidente Maduro declar\u00f3 inaugurados los juegos y extendi\u00f3 sus felicitaciones a todos los participantes, autoridades y organizadores presentes.<\/p>\n\n\n\n<p><br><strong>Prensa Presidencial\/ Iliana Rosales<\/strong><\/p>\n\n\n\n<p><strong>Fotos: Cortes\u00eda MinDeporte<\/strong><\/p>\n","protected":false},"excerpt":{"rendered":"<p>M\u00e9rida, Venezuela.-El Presidente de la Rep\u00fablica Bolivariana de Venezuela, Nicol\u00e1s Maduro Moros, inaugur\u00f3 este domingo la III edici\u00f3n de los Juegos Deportivos Nacionales Comunales 2025, a trav\u00e9s de un contacto telef\u00f3nico, en el que aprovech\u00f3 la ocasi\u00f3n de destacar la trascendencia del papel del Poder Popular en el desarrollo social, deportivo y la paz del [&hellip;]<\/p>\n","protected":false},"author":19,"featured_media":29268,"comment_status":"open","ping_status":"open","sticky":false,"template":"","format":"standard","meta":{"footnotes":""},"categories":[18,7],"tags":[1831,668,557,1832,577,666],"class_list":["post-29261","post","type-post","status-publish","format-standard","has-post-thumbnail","hentry","category-noticias-principales","category-notas-de-prensa","tag-juegos-nacionales-comunales-2025","tag-merida","tag-paz","tag-presidente-maduro","tag-tachira","tag-trujillo"],"_links":{"self":[{"href":"https:\/\/prensapresidencialvenezuela.gob.ve\/index.php\/wp-json\/wp\/v2\/posts\/29261","targetHints":{"allow":["GET"]}}],"collection":[{"href":"https:\/\/prensapresidencialvenezuela.gob.ve\/index.php\/wp-json\/wp\/v2\/posts"}],"about":[{"href":"https:\/\/prensapresidencialvenezuela.gob.ve\/index.php\/wp-json\/wp\/v2\/types\/post"}],"author":[{"embeddable":true,"href":"https:\/\/prensapresidencialvenezuela.gob.ve\/index.php\/wp-json\/wp\/v2\/users\/19"}],"replies":[{"embeddable":true,"href":"https:\/\/prensapresidencialvenezuela.gob.ve\/index.php\/wp-json\/wp\/v2\/comments?post=29261"}],"version-history":[{"count":1,"href":"https:\/\/prensapresidencialvenezuela.gob.ve\/index.php\/wp-json\/wp\/v2\/posts\/29261\/revisions"}],"predecessor-version":[{"id":29273,"href":"https:\/\/prensapresidencialvenezuela.gob.ve\/index.php\/wp-json\/wp\/v2\/posts\/29261\/revisions\/29273"}],"wp:featuredmedia":[{"embeddable":true,"href":"https:\/\/prensapresidencialvenezuela.gob.ve\/index.php\/wp-json\/wp\/v2\/media\/29268"}],"wp:attachment":[{"href":"https:\/\/prensapresidencialvenezuela.gob.ve\/index.php\/wp-json\/wp\/v2\/media?parent=29261"}],"wp:term":[{"taxonomy":"category","embeddable":true,"href":"https:\/\/prensapresidencialvenezuela.gob.ve\/index.php\/wp-json\/wp\/v2\/categories?post=29261"},{"taxonomy":"post_tag","embeddable":true,"href":"https:\/\/prensapresidencialvenezuela.gob.ve\/index.php\/wp-json\/wp\/v2\/tags?post=29261"}],"curies":[{"name":"wp","href":"https:\/\/api.w.org\/{rel}","templated":true}]}}