{"id":29315,"date":"2025-12-06T19:43:00","date_gmt":"2025-12-06T23:43:00","guid":{"rendered":"https:\/\/prensapresidencialvenezuela.gob.ve\/?p=29315"},"modified":"2025-12-08T13:43:43","modified_gmt":"2025-12-08T17:43:43","slug":"presidentes-maduro-y-erdogan-abordan-temas-geopolitica-y-amenazas-regionales-en-contacto-telefonico","status":"publish","type":"post","link":"https:\/\/prensapresidencialvenezuela.gob.ve\/index.php\/2025\/12\/06\/presidentes-maduro-y-erdogan-abordan-temas-geopolitica-y-amenazas-regionales-en-contacto-telefonico\/","title":{"rendered":"Presidentes Maduro y Erdo\u011fan abordan temas geopol\u00edtica y amenazas regionales en contacto telef\u00f3nico"},"content":{"rendered":"\n<p>Caracas, Venezuela.- Los presidentes de Venezuela, Nicol\u00e1s Maduro, y de T\u00fcrkiye, Recep Tayyip Erdo\u011fan, sostuvieron este s\u00e1bado una conversaci\u00f3n telef\u00f3nica para discutir la situaci\u00f3n geopol\u00edtica global y afianzar la s\u00f3lida relaci\u00f3n de cooperaci\u00f3n entre ambas naciones.<\/p>\n\n\n\n<p>El di\u00e1logo, que se centr\u00f3 en los desaf\u00edos del panorama internacional, sirvi\u00f3 para que ambos mandatarios nacionales intercambiaran criterios sobre los m\u00e1s recientes acontecimientos mundiales.<\/p>\n\n\n\n<p>Durante la llamada, el presidente Erdo\u011fan expres\u00f3 su profunda preocupaci\u00f3n por el incremento de las amenazas que se ciernen sobre Venezuela, haciendo referencia a los despliegues militares imperiales y las acciones de guerra indirecta que buscan afectar la paz y la seguridad en la regi\u00f3n del Caribe. En este sentido, ratific\u00f3 su solidaridad con el pueblo venezolano y reiter\u00f3 su compromiso con el Derecho Internacional y el respeto a la soberan\u00eda de las naciones.<\/p>\n\n\n\n<p>En respuesta, su hom\u00f3logo venezolano calific\u00f3 las acciones de amenaza como ilegales, innecesarias y desproporcionadas. Destac\u00f3 que, a pesar de las presiones externas, Venezuela su crecimiento econ\u00f3mico, su estabilidad pol\u00edtica y su paz.<\/p>\n\n\n\n<p>Al respecto del tema productivo, hizo \u00e9nfasis en el impulso econ\u00f3mico y sostenido del pa\u00eds, que arriba a m\u00e1s de 18 trimestres consecutivos de incremento econ\u00f3mico, en un contexto en el que T\u00fcrkiye juega un papel preponderante, pues el Gobierno Bolivariano manifest\u00f3 su intenci\u00f3n de seguir avanzando para alcanzar la meta de los 3.000 millones de d\u00f3lares en intercambio comercial con Ankara.<\/p>\n\n\n\n<p>En materia bilateral, los jefes de Estado resaltaron el \u00e9xito de las recientes exposiciones empresariales realizadas en Estambul y Caracas como prueba de la vitalidad de sus nexos.<\/p>\n\n\n\n<p><em><strong>Sobre la Conectividad A\u00e9rea<\/strong><\/em><\/p>\n\n\n\n<p>Un punto clave de la conversaci\u00f3n fue la necesidad de restablecer a la brevedad la conexi\u00f3n a\u00e9rea Caracas-Estambul-Caracas, operada por Turkish Airlines. La reactivaci\u00f3n de esta ruta se considera esencial para facilitar el flujo de turistas e inversionistas, fortaleciendo as\u00ed los v\u00ednculos comerciales y culturales.<\/p>\n\n\n\n<p>El di\u00e1logo concluy\u00f3 con la invitaci\u00f3n formal del presidente Maduro a su hom\u00f3logo para que visite Venezuela en 2026. La visita se realizar\u00eda en el marco de la V Reuni\u00f3n de la Comisi\u00f3n Mixta Venezuela-T\u00fcrkiye, un espacio que se utilizar\u00e1 para ampliar y profundizar el marco de cooperaci\u00f3n pol\u00edtica, social y cultural entre los dos pa\u00edses.<\/p>\n\n\n\n<p><strong>Prensa Presidencial\/ Iliana Rosales<\/strong><\/p>\n","protected":false},"excerpt":{"rendered":"<p>Caracas, Venezuela.- Los presidentes de Venezuela, Nicol\u00e1s Maduro, y de T\u00fcrkiye, Recep Tayyip Erdo\u011fan, sostuvieron este s\u00e1bado una conversaci\u00f3n telef\u00f3nica para discutir la situaci\u00f3n geopol\u00edtica global y afianzar la s\u00f3lida relaci\u00f3n de cooperaci\u00f3n entre ambas naciones. El di\u00e1logo, que se centr\u00f3 en los desaf\u00edos del panorama internacional, sirvi\u00f3 para que ambos mandatarios nacionales intercambiaran criterios [&hellip;]<\/p>\n","protected":false},"author":19,"featured_media":29316,"comment_status":"open","ping_status":"open","sticky":false,"template":"","format":"standard","meta":{"footnotes":""},"categories":[18,7],"tags":[191,1835,1834,19,1833,126,20],"class_list":["post-29315","post","type-post","status-publish","format-standard","has-post-thumbnail","hentry","category-noticias-principales","category-notas-de-prensa","tag-caracas","tag-conectividad-aerea","tag-estambul","tag-nicolas-maduro","tag-recep-tayyip-erdogan","tag-turkiye-2","tag-venezuela"],"_links":{"self":[{"href":"https:\/\/prensapresidencialvenezuela.gob.ve\/index.php\/wp-json\/wp\/v2\/posts\/29315","targetHints":{"allow":["GET"]}}],"collection":[{"href":"https:\/\/prensapresidencialvenezuela.gob.ve\/index.php\/wp-json\/wp\/v2\/posts"}],"about":[{"href":"https:\/\/prensapresidencialvenezuela.gob.ve\/index.php\/wp-json\/wp\/v2\/types\/post"}],"author":[{"embeddable":true,"href":"https:\/\/prensapresidencialvenezuela.gob.ve\/index.php\/wp-json\/wp\/v2\/users\/19"}],"replies":[{"embeddable":true,"href":"https:\/\/prensapresidencialvenezuela.gob.ve\/index.php\/wp-json\/wp\/v2\/comments?post=29315"}],"version-history":[{"count":1,"href":"https:\/\/prensapresidencialvenezuela.gob.ve\/index.php\/wp-json\/wp\/v2\/posts\/29315\/revisions"}],"predecessor-version":[{"id":29317,"href":"https:\/\/prensapresidencialvenezuela.gob.ve\/index.php\/wp-json\/wp\/v2\/posts\/29315\/revisions\/29317"}],"wp:featuredmedia":[{"embeddable":true,"href":"https:\/\/prensapresidencialvenezuela.gob.ve\/index.php\/wp-json\/wp\/v2\/media\/29316"}],"wp:attachment":[{"href":"https:\/\/prensapresidencialvenezuela.gob.ve\/index.php\/wp-json\/wp\/v2\/media?parent=29315"}],"wp:term":[{"taxonomy":"category","embeddable":true,"href":"https:\/\/prensapresidencialvenezuela.gob.ve\/index.php\/wp-json\/wp\/v2\/categories?post=29315"},{"taxonomy":"post_tag","embeddable":true,"href":"https:\/\/prensapresidencialvenezuela.gob.ve\/index.php\/wp-json\/wp\/v2\/tags?post=29315"}],"curies":[{"name":"wp","href":"https:\/\/api.w.org\/{rel}","templated":true}]}}