{"id":29376,"date":"2025-12-08T18:06:00","date_gmt":"2025-12-08T22:06:00","guid":{"rendered":"https:\/\/prensapresidencialvenezuela.gob.ve\/?p=29376"},"modified":"2025-12-08T18:59:53","modified_gmt":"2025-12-08T22:59:53","slug":"jefe-de-estado-realiza-balance-del-sistema-de-gobierno-popular","status":"publish","type":"post","link":"https:\/\/prensapresidencialvenezuela.gob.ve\/index.php\/2025\/12\/08\/jefe-de-estado-realiza-balance-del-sistema-de-gobierno-popular\/","title":{"rendered":"Jefe de Estado realiza balance del Sistema de Gobierno Popular"},"content":{"rendered":"\n<p><strong>Caracas, Venezuela. \u2013<\/strong> Desde la Sala Nacional del Sistema de Gobierno Popular, el presidente de la rep\u00fablica Bolivariana de Venezuela, Nicol\u00e1s Maduro Moros, realiza un balance de todos los proyectos comunales que se han desarrollado en el pa\u00eds, con el objetivo de continuar garantizando que las voces y necesidades de las comunidades sean escuchadas y atendidas.<strong><\/strong><\/p>\n\n\n\n<p>En este sentido, es importante recordar en cuanto a las consultas populares, que en el 2024 se llevaron a cabo dos (2) elecciones en las comunidades para escoger los planes ejecutar, y cuatro (4) en este 2025, incluyendo los de la juventud.<\/p>\n\n\n\n<p>Esta sala est\u00e1 conectada con los 5 mil 334 Circuitos Comunales, las 24 horas del d\u00eda y funciona como el centro de Gobierno de todo el pa\u00eds, donde los vicepresidentes y vicepresidentas tendr\u00e1n que cimentar su relaci\u00f3n de hermandad, cercan\u00eda y conexi\u00f3n permanente con el pueblo para la soluci\u00f3n de sus problem\u00e1ticas.<\/p>\n\n\n\n<p><strong>Conexi\u00f3n directa con el pueblo<\/strong><\/p>\n\n\n\n<p>Las Salas de Autogobierno Popular y Comunal se erigen como un puente hacia una conexi\u00f3n directa con el Poder Popular, y est\u00e1n organizadas en equipos de trabajo para abordar cada una de las 7 Transformaciones del Plan de la Patria 2025-2031.<\/p>\n\n\n\n<p>Por otra parte, este espacio geoestrat\u00e9gico tiene como finalidad acompa\u00f1ar, coordinar articular, sumar esfuerzos y supervisar todas las acciones de gobierno en el territorio nacional, y la ejecuci\u00f3n de las Agendas Concretas de Acci\u00f3n, contribuyendo a la integraci\u00f3n y sinergia de todas las escalas de gobierno, en pro de la consolidaci\u00f3n de la democracia participativa y protag\u00f3nica bajo la premisa de fomentar y consolidar el Estado Comunal.<\/p>\n\n\n\n<p><strong>Prensa Presidencial\/ Irmary D\u00edaz<\/strong><\/p>\n","protected":false},"excerpt":{"rendered":"<p>Caracas, Venezuela. \u2013 Desde la Sala Nacional del Sistema de Gobierno Popular, el presidente de la rep\u00fablica Bolivariana de Venezuela, Nicol\u00e1s Maduro Moros, realiza un balance de todos los proyectos comunales que se han desarrollado en el pa\u00eds, con el objetivo de continuar garantizando que las voces y necesidades de las comunidades sean escuchadas y [&hellip;]<\/p>\n","protected":false},"author":15,"featured_media":29433,"comment_status":"open","ping_status":"open","sticky":false,"template":"","format":"standard","meta":{"footnotes":""},"categories":[18,7],"tags":[],"class_list":["post-29376","post","type-post","status-publish","format-standard","has-post-thumbnail","hentry","category-noticias-principales","category-notas-de-prensa"],"_links":{"self":[{"href":"https:\/\/prensapresidencialvenezuela.gob.ve\/index.php\/wp-json\/wp\/v2\/posts\/29376","targetHints":{"allow":["GET"]}}],"collection":[{"href":"https:\/\/prensapresidencialvenezuela.gob.ve\/index.php\/wp-json\/wp\/v2\/posts"}],"about":[{"href":"https:\/\/prensapresidencialvenezuela.gob.ve\/index.php\/wp-json\/wp\/v2\/types\/post"}],"author":[{"embeddable":true,"href":"https:\/\/prensapresidencialvenezuela.gob.ve\/index.php\/wp-json\/wp\/v2\/users\/15"}],"replies":[{"embeddable":true,"href":"https:\/\/prensapresidencialvenezuela.gob.ve\/index.php\/wp-json\/wp\/v2\/comments?post=29376"}],"version-history":[{"count":1,"href":"https:\/\/prensapresidencialvenezuela.gob.ve\/index.php\/wp-json\/wp\/v2\/posts\/29376\/revisions"}],"predecessor-version":[{"id":29377,"href":"https:\/\/prensapresidencialvenezuela.gob.ve\/index.php\/wp-json\/wp\/v2\/posts\/29376\/revisions\/29377"}],"wp:featuredmedia":[{"embeddable":true,"href":"https:\/\/prensapresidencialvenezuela.gob.ve\/index.php\/wp-json\/wp\/v2\/media\/29433"}],"wp:attachment":[{"href":"https:\/\/prensapresidencialvenezuela.gob.ve\/index.php\/wp-json\/wp\/v2\/media?parent=29376"}],"wp:term":[{"taxonomy":"category","embeddable":true,"href":"https:\/\/prensapresidencialvenezuela.gob.ve\/index.php\/wp-json\/wp\/v2\/categories?post=29376"},{"taxonomy":"post_tag","embeddable":true,"href":"https:\/\/prensapresidencialvenezuela.gob.ve\/index.php\/wp-json\/wp\/v2\/tags?post=29376"}],"curies":[{"name":"wp","href":"https:\/\/api.w.org\/{rel}","templated":true}]}}