{"id":2939,"date":"2022-07-13T23:49:44","date_gmt":"2022-07-13T23:49:44","guid":{"rendered":"http:\/\/172.27.0.121\/?p=2939"},"modified":"2022-07-13T23:49:44","modified_gmt":"2022-07-13T23:49:44","slug":"venezolanos-deben-destinar-entre-20-30-de-su-produccion-a-la-exportacion","status":"publish","type":"post","link":"https:\/\/prensapresidencialvenezuela.gob.ve\/index.php\/2022\/07\/13\/venezolanos-deben-destinar-entre-20-30-de-su-produccion-a-la-exportacion\/","title":{"rendered":"Venezolanos deben destinar entre 20-30% de su producci\u00f3n a la exportaci\u00f3n"},"content":{"rendered":"\n<p><strong>La Carlota, estado Miranda.- <\/strong>Al asegurar que las empresas venezolanas deben construir la \u201cvocaci\u00f3n exportadora\u201d en los procesos productivos, el jefe de Estado, Nicol\u00e1s Maduro, inst\u00f3 a las productores del pa\u00eds a garantizar entre el 20-30 por ciento de su producci\u00f3n a las cadenas de exportaci\u00f3n.<\/p>\n\n\n\n<p>Durante la inauguraci\u00f3n de la Expoferia Cacao y Ron Miranda 2022 -que se realiza en los espacios del Parque Bol\u00edvar, en La Carlota hasta el domingo 17 de julio- el Dignatario afirm\u00f3 que los productores \u201cno s\u00f3lo deben asegurar la producci\u00f3n nacional, sino que tambi\u00e9n deben abrir los caminos hacia la exportaci\u00f3n\u201d.<\/p>\n\n\n\n<p>Asimismo, record\u00f3 que el pueblo venezolano se fortaleci\u00f3 ante el bloqueo econ\u00f3mico imperialista.<\/p>\n\n\n\n<p>\u201cLas sanciones imperialistas nos hicieron da\u00f1o y tambi\u00e9n nos hicieron un bien, porque nos obligaron a un renacimiento de una nueva econom\u00eda diversificada, productiva, fuimos al campo a producir los alimentos\u201d.<\/p>\n\n\n\n<p>En ese sentido, el presidente Maduro subray\u00f3 que la industria venezolana \u201cse revitaliz\u00f3, con la ciencia y tecnolog\u00eda aplicada a los procesos productivos\u201d hecho que fortalecer\u00e1 este sector.<\/p>\n\n\n\n<p>Finalmente, precis\u00f3 que Venezuela se perfila con un incremento en la econom\u00eda real, \u201cya que en el primer semestre, tuvimos un crecimiento de dos d\u00edgitos en la econom\u00eda productiva del pa\u00eds. Venezuela va creciendo en la econom\u00eda real (\u2026), y las perspectivas son verdaderamente emocionantes\u201d.<\/p>\n\n\n\n<p><strong>Prensa Presidencial\/Joelin Jim\u00e9nez<\/strong><\/p>\n","protected":false},"excerpt":{"rendered":"<p>La Carlota, estado Miranda.- Al asegurar que las empresas venezolanas deben construir la \u201cvocaci\u00f3n exportadora\u201d en los procesos productivos, el jefe de Estado, Nicol\u00e1s Maduro, inst\u00f3 a las productores del pa\u00eds a garantizar entre el 20-30 por ciento de su producci\u00f3n a las cadenas de exportaci\u00f3n. Durante la inauguraci\u00f3n de la Expoferia Cacao y Ron [&hellip;]<\/p>\n","protected":false},"author":6,"featured_media":2940,"comment_status":"open","ping_status":"open","sticky":false,"template":"","format":"standard","meta":{"footnotes":""},"categories":[7],"tags":[],"class_list":["post-2939","post","type-post","status-publish","format-standard","has-post-thumbnail","hentry","category-notas-de-prensa"],"_links":{"self":[{"href":"https:\/\/prensapresidencialvenezuela.gob.ve\/index.php\/wp-json\/wp\/v2\/posts\/2939","targetHints":{"allow":["GET"]}}],"collection":[{"href":"https:\/\/prensapresidencialvenezuela.gob.ve\/index.php\/wp-json\/wp\/v2\/posts"}],"about":[{"href":"https:\/\/prensapresidencialvenezuela.gob.ve\/index.php\/wp-json\/wp\/v2\/types\/post"}],"author":[{"embeddable":true,"href":"https:\/\/prensapresidencialvenezuela.gob.ve\/index.php\/wp-json\/wp\/v2\/users\/6"}],"replies":[{"embeddable":true,"href":"https:\/\/prensapresidencialvenezuela.gob.ve\/index.php\/wp-json\/wp\/v2\/comments?post=2939"}],"version-history":[{"count":1,"href":"https:\/\/prensapresidencialvenezuela.gob.ve\/index.php\/wp-json\/wp\/v2\/posts\/2939\/revisions"}],"predecessor-version":[{"id":2941,"href":"https:\/\/prensapresidencialvenezuela.gob.ve\/index.php\/wp-json\/wp\/v2\/posts\/2939\/revisions\/2941"}],"wp:featuredmedia":[{"embeddable":true,"href":"https:\/\/prensapresidencialvenezuela.gob.ve\/index.php\/wp-json\/wp\/v2\/media\/2940"}],"wp:attachment":[{"href":"https:\/\/prensapresidencialvenezuela.gob.ve\/index.php\/wp-json\/wp\/v2\/media?parent=2939"}],"wp:term":[{"taxonomy":"category","embeddable":true,"href":"https:\/\/prensapresidencialvenezuela.gob.ve\/index.php\/wp-json\/wp\/v2\/categories?post=2939"},{"taxonomy":"post_tag","embeddable":true,"href":"https:\/\/prensapresidencialvenezuela.gob.ve\/index.php\/wp-json\/wp\/v2\/tags?post=2939"}],"curies":[{"name":"wp","href":"https:\/\/api.w.org\/{rel}","templated":true}]}}