{"id":29434,"date":"2025-12-08T18:07:00","date_gmt":"2025-12-08T22:07:00","guid":{"rendered":"https:\/\/prensapresidencialvenezuela.gob.ve\/?p=29434"},"modified":"2025-12-08T19:02:50","modified_gmt":"2025-12-08T23:02:50","slug":"presidente-maduro-se-conecta-con-5-336-salas-de-autogobierno-en-todo-el-territorio","status":"publish","type":"post","link":"https:\/\/prensapresidencialvenezuela.gob.ve\/index.php\/2025\/12\/08\/presidente-maduro-se-conecta-con-5-336-salas-de-autogobierno-en-todo-el-territorio\/","title":{"rendered":"Presidente Maduro se conecta con 5.336 salas de autogobierno en todo el territorio"},"content":{"rendered":"\n<p><strong>Caracas, Venezuela.- <\/strong>El Presidente de la Rep\u00fablica Bolivariana de Venezuela, Nicol\u00e1s Maduro Moros, lider\u00f3 una importante jornada de Gobierno Popular desde la Sala de Direcci\u00f3n de Nacional de los Autogobierno Populares, dedicada al monitoreo de todas las actividades. <\/p>\n\n\n\n<p>El evento, que cedi\u00f3 el espacio habitual del programa Maduro + al Poder Popular, cont\u00f3 con un saludo especial y la conexi\u00f3n en tiempo real de 5.336 salas de autogobierno en todo el territorio, incluyendo a los m\u00e1s de 49 mil Consejos Comunales, reafirmando la visi\u00f3n de la Democracia verdadera, directa y el Poder del Pueblo. Junto al presidente Maduro, estuvieron presentes la vicepresidenta Ejecutiva y ministra del Poder Popular de Hidrocarburos, Delcy Rodr\u00edguez. <\/p>\n\n\n\n<p>En el \u00e1mbito de la seguridad y defensa, estuvieron presentes el Cap. Diosdado Cabello, vicepresidente Sectorial de Pol\u00edtica, Seguridad Ciudadana y Paz, y ministro del Poder Popular para Relaciones Interiores, Justicia y Paz; y el GJ Vladimir Padrino L\u00f3pez, vicepresidente Sectorial de Defensa y Soberan\u00eda y ministro del Poder Popular para la Defensa. Tambi\u00e9n participaron los vicepresidentes sectoriales: H\u00e9ctor Rodr\u00edguez de Socialismo Territorial y Educaci\u00f3n, M\/G. Jorge Eli\u00e9ser M\u00e1rquez Monsalve de Obras P\u00fablicas, Servicios y Energ\u00eda El\u00e9ctrica, Ricardo Men\u00e9ndez de Planificaci\u00f3n, Alfred Nazareth \u00d1\u00e1\u00f1ez de Comunicaci\u00f3n, Cultura, Turismo e Informaci\u00f3n, y Gabriela Jim\u00e9nez de Ciencia, Tecnolog\u00eda, Ecosocialismo y Salud, quien aterriz\u00f3 desde M\u00e9xico, tras participar como invitada del Gobierno mexicano, Claudia Sheinbaum en un importante encuentro cient\u00edfico que arroj\u00f3 grandes logros y acuerdos binacionales.<\/p>\n\n\n\n<p>Esta jornada se enmarca en la semana de reafirmaci\u00f3n del esp\u00edritu nacional y de la fuerza de paz. Diciembre se estableci\u00f3 como el mes de balance de los logros del trabajo realizado, las metas alcanzadas y el aprendizaje del a\u00f1o, sirviendo para el inicio de la proyecci\u00f3n 2026 y la definici\u00f3n de las tareas para los siguientes trimestres.<\/p>\n\n\n\n<p>El presidente Maduro destac\u00f3 que las grandes tareas del Gobierno se centran en la construcci\u00f3n del Poder Nacional de Venezuela, la garant\u00eda de la independencia, la paz y el desarrollo autosostenido de la Patria. Hizo \u00e9nfasis en la garant\u00eda de la autodeterminaci\u00f3n del pueblo, el ejercicio de las dobles soberan\u00edas: Soberan\u00eda Nacional y Soberan\u00eda Popular, adem\u00e1s de la defensa de la Constituci\u00f3n.<\/p>\n\n\n\n<p><strong>Prensa Presidencial\/ Kaylib Maita <\/strong><\/p>\n","protected":false},"excerpt":{"rendered":"<p>Caracas, Venezuela.- El Presidente de la Rep\u00fablica Bolivariana de Venezuela, Nicol\u00e1s Maduro Moros, lider\u00f3 una importante jornada de Gobierno Popular desde la Sala de Direcci\u00f3n de Nacional de los Autogobierno Populares, dedicada al monitoreo de todas las actividades. El evento, que cedi\u00f3 el espacio habitual del programa Maduro + al Poder Popular, cont\u00f3 con un [&hellip;]<\/p>\n","protected":false},"author":1,"featured_media":29437,"comment_status":"open","ping_status":"open","sticky":false,"template":"","format":"standard","meta":{"footnotes":""},"categories":[18,7],"tags":[],"class_list":["post-29434","post","type-post","status-publish","format-standard","has-post-thumbnail","hentry","category-noticias-principales","category-notas-de-prensa"],"_links":{"self":[{"href":"https:\/\/prensapresidencialvenezuela.gob.ve\/index.php\/wp-json\/wp\/v2\/posts\/29434","targetHints":{"allow":["GET"]}}],"collection":[{"href":"https:\/\/prensapresidencialvenezuela.gob.ve\/index.php\/wp-json\/wp\/v2\/posts"}],"about":[{"href":"https:\/\/prensapresidencialvenezuela.gob.ve\/index.php\/wp-json\/wp\/v2\/types\/post"}],"author":[{"embeddable":true,"href":"https:\/\/prensapresidencialvenezuela.gob.ve\/index.php\/wp-json\/wp\/v2\/users\/1"}],"replies":[{"embeddable":true,"href":"https:\/\/prensapresidencialvenezuela.gob.ve\/index.php\/wp-json\/wp\/v2\/comments?post=29434"}],"version-history":[{"count":1,"href":"https:\/\/prensapresidencialvenezuela.gob.ve\/index.php\/wp-json\/wp\/v2\/posts\/29434\/revisions"}],"predecessor-version":[{"id":29438,"href":"https:\/\/prensapresidencialvenezuela.gob.ve\/index.php\/wp-json\/wp\/v2\/posts\/29434\/revisions\/29438"}],"wp:featuredmedia":[{"embeddable":true,"href":"https:\/\/prensapresidencialvenezuela.gob.ve\/index.php\/wp-json\/wp\/v2\/media\/29437"}],"wp:attachment":[{"href":"https:\/\/prensapresidencialvenezuela.gob.ve\/index.php\/wp-json\/wp\/v2\/media?parent=29434"}],"wp:term":[{"taxonomy":"category","embeddable":true,"href":"https:\/\/prensapresidencialvenezuela.gob.ve\/index.php\/wp-json\/wp\/v2\/categories?post=29434"},{"taxonomy":"post_tag","embeddable":true,"href":"https:\/\/prensapresidencialvenezuela.gob.ve\/index.php\/wp-json\/wp\/v2\/tags?post=29434"}],"curies":[{"name":"wp","href":"https:\/\/api.w.org\/{rel}","templated":true}]}}