{"id":29439,"date":"2025-12-08T18:41:00","date_gmt":"2025-12-08T22:41:00","guid":{"rendered":"https:\/\/prensapresidencialvenezuela.gob.ve\/?p=29439"},"modified":"2025-12-08T19:05:03","modified_gmt":"2025-12-08T23:05:03","slug":"presidente-maduro-conmemora-el-dia-del-amor-y-la-lealtad-a-13-anos-de-la-ultima-proclama-del-comandante-chavez","status":"publish","type":"post","link":"https:\/\/prensapresidencialvenezuela.gob.ve\/index.php\/2025\/12\/08\/presidente-maduro-conmemora-el-dia-del-amor-y-la-lealtad-a-13-anos-de-la-ultima-proclama-del-comandante-chavez\/","title":{"rendered":"Presidente Maduro conmemora el D\u00eda del Amor y la Lealtad a 13 A\u00f1os de la \u00faltima proclama del Comandante Ch\u00e1vez"},"content":{"rendered":"\n<p><strong>Caracas, Venezuela.- <\/strong>El presidente de la Rep\u00fablica Bolivariana de Venezuela, Nicol\u00e1s Maduro Moros conmemor\u00f3 el D\u00eda del Amor y la Lealtad del Comandante Hugo Rafael Ch\u00e1vez Fr\u00edas a su Pueblo, y la Lealtad absoluta del Pueblo de Venezuela a su Comandante Supremo, Eterno y Resucitador. <\/p>\n\n\n\n<p>El Primer Mandatario, calific\u00f3 la fecha como \u00abinolvidable\u00bb. Record\u00f3 que hace 13 a\u00f1os, el 08 de diciembre (un s\u00e1bado, poco despu\u00e9s de las 8:00 p.m.), el Comandante Ch\u00e1vez regres\u00f3 de La Habana para entregar al pueblo lo que se conoce como su \u00faltima proclama. <\/p>\n\n\n\n<p>El Presidente destac\u00f3 la serenidad imperturbable y la valent\u00eda a prueba de todos los momentos hist\u00f3ricos con la que el Comandante Hugo Rafael Ch\u00e1vez Fr\u00edas vino a \u00abdejar el camino trazado hacia el futuro\u00bb. Subray\u00f3 el conmovedor mensaje en el que el Comandante Eterno, con entereza y fortaleza, dio noticias graves sobre su salud f\u00edsica, pero a la vez, con claridad de profeta, traz\u00f3 el rumbo colectivo. <\/p>\n\n\n\n<p>Se ratific\u00f3 el juramento sagrado, juramento del alma y compromiso sagrado de seguir \u00ableales amorosamente al proyecto original de Sim\u00f3n Bol\u00edvar, resucitado para el siglo XXI por nuestro inolvidable, amado jefe hist\u00f3rico, el comandante Ch\u00e1vez\u00bb. Cit\u00f3 el Jefe de Estado. <\/p>\n\n\n\n<p>El Mandatario Nacional enfatiz\u00f3 que ese d\u00eda la historia fue marcada, pues el Comandante Eterno Hugo Ch\u00e1vez se encontraba en el mejor momento de su madurez pol\u00edtica, estrat\u00e9gica, sabidur\u00eda y capacidad como gobernante, l\u00edder y Comandante en Jefe. Su liderazgo trascendi\u00f3 las fronteras, convirti\u00e9ndose en la voz de la dignidad y rebeld\u00eda de toda Am\u00e9rica Latina y el Caribe.<\/p>\n\n\n\n<p> Se record\u00f3 que Hugo Ch\u00e1vez fue el gran fundador de organismos de integraci\u00f3n como la Uni\u00f3n de Naciones Suramericanas, (UNASUR), Alianza Bolivariana para los Pueblos de Nuestra Am\u00e9rica (ALBA) y Petrocaribe, y que en una fecha inolvidable como el 02 y 03 de diciembre de 2011, aun afectado en su salud, mostr\u00f3 dignidad y soberan\u00eda al fundar la Comunidad de Estados Latinoamericanos y Caribe\u00f1os (CELAC). El presidente Maduro dirigi\u00f3 un mensaje al L\u00edder Eterno \u00abComandante Hugo Rafael Ch\u00e1vez Fr\u00edas, aqu\u00ed est\u00e1 tu pueblo de pie, libre y con Patria m\u00e1s rebelde que nunca\u00bb.<\/p>\n\n\n\n<p>Concluy\u00f3 reafirmando el llamado del l\u00edder de la revoluci\u00f3n: \u00a1Comuna o Nada!, destacando que La Comuna se ha convertido en la gran fuerza de construcci\u00f3n de una nueva sociedad y democracia.<\/p>\n\n\n\n<p><strong>Prensa Presidencial\/ Kaylib Maita<\/strong><\/p>\n","protected":false},"excerpt":{"rendered":"<p>Caracas, Venezuela.- El presidente de la Rep\u00fablica Bolivariana de Venezuela, Nicol\u00e1s Maduro Moros conmemor\u00f3 el D\u00eda del Amor y la Lealtad del Comandante Hugo Rafael Ch\u00e1vez Fr\u00edas a su Pueblo, y la Lealtad absoluta del Pueblo de Venezuela a su Comandante Supremo, Eterno y Resucitador. El Primer Mandatario, calific\u00f3 la fecha como \u00abinolvidable\u00bb. Record\u00f3 que [&hellip;]<\/p>\n","protected":false},"author":1,"featured_media":29441,"comment_status":"open","ping_status":"open","sticky":false,"template":"","format":"standard","meta":{"footnotes":""},"categories":[18,7],"tags":[],"class_list":["post-29439","post","type-post","status-publish","format-standard","has-post-thumbnail","hentry","category-noticias-principales","category-notas-de-prensa"],"_links":{"self":[{"href":"https:\/\/prensapresidencialvenezuela.gob.ve\/index.php\/wp-json\/wp\/v2\/posts\/29439","targetHints":{"allow":["GET"]}}],"collection":[{"href":"https:\/\/prensapresidencialvenezuela.gob.ve\/index.php\/wp-json\/wp\/v2\/posts"}],"about":[{"href":"https:\/\/prensapresidencialvenezuela.gob.ve\/index.php\/wp-json\/wp\/v2\/types\/post"}],"author":[{"embeddable":true,"href":"https:\/\/prensapresidencialvenezuela.gob.ve\/index.php\/wp-json\/wp\/v2\/users\/1"}],"replies":[{"embeddable":true,"href":"https:\/\/prensapresidencialvenezuela.gob.ve\/index.php\/wp-json\/wp\/v2\/comments?post=29439"}],"version-history":[{"count":1,"href":"https:\/\/prensapresidencialvenezuela.gob.ve\/index.php\/wp-json\/wp\/v2\/posts\/29439\/revisions"}],"predecessor-version":[{"id":29442,"href":"https:\/\/prensapresidencialvenezuela.gob.ve\/index.php\/wp-json\/wp\/v2\/posts\/29439\/revisions\/29442"}],"wp:featuredmedia":[{"embeddable":true,"href":"https:\/\/prensapresidencialvenezuela.gob.ve\/index.php\/wp-json\/wp\/v2\/media\/29441"}],"wp:attachment":[{"href":"https:\/\/prensapresidencialvenezuela.gob.ve\/index.php\/wp-json\/wp\/v2\/media?parent=29439"}],"wp:term":[{"taxonomy":"category","embeddable":true,"href":"https:\/\/prensapresidencialvenezuela.gob.ve\/index.php\/wp-json\/wp\/v2\/categories?post=29439"},{"taxonomy":"post_tag","embeddable":true,"href":"https:\/\/prensapresidencialvenezuela.gob.ve\/index.php\/wp-json\/wp\/v2\/tags?post=29439"}],"curies":[{"name":"wp","href":"https:\/\/api.w.org\/{rel}","templated":true}]}}