{"id":29443,"date":"2025-12-08T18:47:00","date_gmt":"2025-12-08T22:47:00","guid":{"rendered":"https:\/\/prensapresidencialvenezuela.gob.ve\/?p=29443"},"modified":"2025-12-08T19:09:56","modified_gmt":"2025-12-08T23:09:56","slug":"inversion-social-en-el-pais-se-eleva-en-2025-al-77","status":"publish","type":"post","link":"https:\/\/prensapresidencialvenezuela.gob.ve\/index.php\/2025\/12\/08\/inversion-social-en-el-pais-se-eleva-en-2025-al-77\/","title":{"rendered":"Inversi\u00f3n Social en el pa\u00eds se eleva en 2025 al 77%"},"content":{"rendered":"\n<p><strong>Caracas, Venezuela. &#8211;<\/strong> Este lunes, durante un balance comunal que se efect\u00faa en la Sala Nacional del Sistema de Gobierno Popular, el presidente de la Rep\u00fablica Bolivariana de Venezuela, Nicol\u00e1s Maduro Moros, anunci\u00f3 que en este 2025, el presupuesto de inversi\u00f3n social se est\u00e1 elevando a 77%, para el beneficio del pueblo venezolano.<\/p>\n\n\n\n<p>En este sentido, el Jefe de Estado precis\u00f3 que este presupuesto est\u00e1 en debate en la Asamblea Nacional, y que la suma mayor de financiamiento ser\u00e1 destinado de manera inmediata a las obras planificadas, propuestas y decididas por la comunidad, mediante el voto directo.<\/p>\n\n\n\n<p>Adem\u00e1s, subray\u00f3 que esto es s\u00edmbolo de la verdadera transformaci\u00f3n de la manera de actuar el Estado nacional, estadal y municipal, ya que el proceso de democratizaci\u00f3n est\u00e1 de la mano de las comunas y de los circuitos comunales del pa\u00eds.<\/p>\n\n\n\n<p>Por otra parte, el l\u00edder de la Revoluci\u00f3n Bolivariana, ha se\u00f1alado que desde el a\u00f1o 2024, el presupuesto comenz\u00f3 a trabajarse y a pensarse de acuerdo a la Agenda Concreta de Acci\u00f3n (ACA) de cada comunidad.<\/p>\n\n\n\n<p>Por tanto, el Mandatario Nacional asever\u00f3 que en Venezuela se debe romper por completo con \u00abla falsa democracia burguesa\u00bb; porque \u00abel Estado comunal, es el Estado de la democracia verdadera\u00bb.<\/p>\n\n\n\n<p><strong>Prensa Presidencial\/ Irmary D\u00edaz<\/strong><\/p>\n","protected":false},"excerpt":{"rendered":"<p>Caracas, Venezuela. &#8211; Este lunes, durante un balance comunal que se efect\u00faa en la Sala Nacional del Sistema de Gobierno Popular, el presidente de la Rep\u00fablica Bolivariana de Venezuela, Nicol\u00e1s Maduro Moros, anunci\u00f3 que en este 2025, el presupuesto de inversi\u00f3n social se est\u00e1 elevando a 77%, para el beneficio del pueblo venezolano. En este [&hellip;]<\/p>\n","protected":false},"author":15,"featured_media":29445,"comment_status":"open","ping_status":"open","sticky":false,"template":"","format":"standard","meta":{"footnotes":""},"categories":[18,7],"tags":[],"class_list":["post-29443","post","type-post","status-publish","format-standard","has-post-thumbnail","hentry","category-noticias-principales","category-notas-de-prensa"],"_links":{"self":[{"href":"https:\/\/prensapresidencialvenezuela.gob.ve\/index.php\/wp-json\/wp\/v2\/posts\/29443","targetHints":{"allow":["GET"]}}],"collection":[{"href":"https:\/\/prensapresidencialvenezuela.gob.ve\/index.php\/wp-json\/wp\/v2\/posts"}],"about":[{"href":"https:\/\/prensapresidencialvenezuela.gob.ve\/index.php\/wp-json\/wp\/v2\/types\/post"}],"author":[{"embeddable":true,"href":"https:\/\/prensapresidencialvenezuela.gob.ve\/index.php\/wp-json\/wp\/v2\/users\/15"}],"replies":[{"embeddable":true,"href":"https:\/\/prensapresidencialvenezuela.gob.ve\/index.php\/wp-json\/wp\/v2\/comments?post=29443"}],"version-history":[{"count":1,"href":"https:\/\/prensapresidencialvenezuela.gob.ve\/index.php\/wp-json\/wp\/v2\/posts\/29443\/revisions"}],"predecessor-version":[{"id":29446,"href":"https:\/\/prensapresidencialvenezuela.gob.ve\/index.php\/wp-json\/wp\/v2\/posts\/29443\/revisions\/29446"}],"wp:featuredmedia":[{"embeddable":true,"href":"https:\/\/prensapresidencialvenezuela.gob.ve\/index.php\/wp-json\/wp\/v2\/media\/29445"}],"wp:attachment":[{"href":"https:\/\/prensapresidencialvenezuela.gob.ve\/index.php\/wp-json\/wp\/v2\/media?parent=29443"}],"wp:term":[{"taxonomy":"category","embeddable":true,"href":"https:\/\/prensapresidencialvenezuela.gob.ve\/index.php\/wp-json\/wp\/v2\/categories?post=29443"},{"taxonomy":"post_tag","embeddable":true,"href":"https:\/\/prensapresidencialvenezuela.gob.ve\/index.php\/wp-json\/wp\/v2\/tags?post=29443"}],"curies":[{"name":"wp","href":"https:\/\/api.w.org\/{rel}","templated":true}]}}