{"id":29444,"date":"2025-12-08T19:26:17","date_gmt":"2025-12-08T23:26:17","guid":{"rendered":"https:\/\/prensapresidencialvenezuela.gob.ve\/?p=29444"},"modified":"2025-12-08T19:26:19","modified_gmt":"2025-12-08T23:26:19","slug":"nace-en-venezuela-el-gobierno-comunal-de-transicion-al-socialismo","status":"publish","type":"post","link":"https:\/\/prensapresidencialvenezuela.gob.ve\/index.php\/2025\/12\/08\/nace-en-venezuela-el-gobierno-comunal-de-transicion-al-socialismo\/","title":{"rendered":"Nace en Venezuela el Gobierno Comunal de Transici\u00f3n al Socialismo"},"content":{"rendered":"\n<p><strong>Caracas, Venezuela.-<\/strong> El anuncio del nacimiento del Gobierno Comunal de Transici\u00f3n al Socialismo fue realizado este lunes por el presidente de la Rep\u00fablica Bolivariana de Venezuela, Nicol\u00e1s Maduro Moros, durante el Balance del Sistema Nacional de Gobierno Popular.<\/p>\n\n\n\n<p>Acompa\u00f1ado de la Primera Dama, Cilia Flores; de la Vicepresidenta Ejecutiva, de los vicepresidentes sectoriales y parte de su gabinete ministerial, el Jefe de Estado estableci\u00f3 unas nuevas l\u00edneas de acci\u00f3n en el que es necesario consolidar el Sistema de Autogobierno.<\/p>\n\n\n\n<p>\u00abA partir de hoy se declara Gobierno de Transici\u00f3n Comunal al Socialismo con las 5 mil 336 Salas de Autogobierno, con los 5 mil 336 gobiernos territoriales que tienen vecinos, vecinas, familias, comunidades, fuerzas concretas que debate, participa, act\u00faa, construye y hace de sus territorios, territorios visibles para una nueva sociedad\u00bb, enfatiz\u00f3 el Mandatario Nacional.<\/p>\n\n\n\n<figure class=\"wp-block-gallery has-nested-images columns-default is-cropped wp-block-gallery-1 is-layout-flex wp-block-gallery-is-layout-flex\">\n<figure class=\"wp-block-image size-large\"><img fetchpriority=\"high\" decoding=\"async\" width=\"1024\" height=\"683\" data-id=\"29471\" src=\"https:\/\/prensapresidencialvenezuela.gob.ve\/wp-content\/uploads\/2025\/12\/21_JZ__9513_P-1024x683.jpg\" alt=\"\" class=\"wp-image-29471\" srcset=\"https:\/\/prensapresidencialvenezuela.gob.ve\/wp-content\/uploads\/2025\/12\/21_JZ__9513_P-1024x683.jpg 1024w, https:\/\/prensapresidencialvenezuela.gob.ve\/wp-content\/uploads\/2025\/12\/21_JZ__9513_P-300x200.jpg 300w, https:\/\/prensapresidencialvenezuela.gob.ve\/wp-content\/uploads\/2025\/12\/21_JZ__9513_P-768x512.jpg 768w, https:\/\/prensapresidencialvenezuela.gob.ve\/wp-content\/uploads\/2025\/12\/21_JZ__9513_P-1536x1024.jpg 1536w, https:\/\/prensapresidencialvenezuela.gob.ve\/wp-content\/uploads\/2025\/12\/21_JZ__9513_P-2048x1365.jpg 2048w\" sizes=\"(max-width: 1024px) 100vw, 1024px\" \/><\/figure>\n<\/figure>\n\n\n\n<p>A juicio del presidente Maduro, el gobierno comunal de transici\u00f3n al socialismo deber\u00e1 ejercer una acci\u00f3n diaria en todos los \u00e1mbitos de las pol\u00edticas p\u00fablicas para la satisfacci\u00f3n de la necesidad de la sociedad venezolana con valores, con principios y con un rumbo claro.<\/p>\n\n\n\n<p>Instruy\u00f3 a la vicepresidente Ejecutiva, Delcy Rodr\u00edguez, ejecutar la medida en el consejo de vicepresidentes, porque Venezuela est\u00e1 enrumbada a la resurrecci\u00f3n del \u00abBolivaranismo\u00bb, original del Libro Azul.<\/p>\n\n\n\n<p><strong>Prensa Presidencial\/Claudia Guerra M\u00e9ndez<\/strong><\/p>\n","protected":false},"excerpt":{"rendered":"<p>Caracas, Venezuela.- El anuncio del nacimiento del Gobierno Comunal de Transici\u00f3n al Socialismo fue realizado este lunes por el presidente de la Rep\u00fablica Bolivariana de Venezuela, Nicol\u00e1s Maduro Moros, durante el Balance del Sistema Nacional de Gobierno Popular. Acompa\u00f1ado de la Primera Dama, Cilia Flores; de la Vicepresidenta Ejecutiva, de los vicepresidentes sectoriales y parte [&hellip;]<\/p>\n","protected":false},"author":18,"featured_media":29469,"comment_status":"open","ping_status":"open","sticky":false,"template":"","format":"standard","meta":{"footnotes":""},"categories":[18,7],"tags":[19,557,192,27,470,20],"class_list":["post-29444","post","type-post","status-publish","format-standard","has-post-thumbnail","hentry","category-noticias-principales","category-notas-de-prensa","tag-nicolas-maduro","tag-paz","tag-poder-popular","tag-revolucion-bolivariana","tag-socialismo","tag-venezuela"],"_links":{"self":[{"href":"https:\/\/prensapresidencialvenezuela.gob.ve\/index.php\/wp-json\/wp\/v2\/posts\/29444","targetHints":{"allow":["GET"]}}],"collection":[{"href":"https:\/\/prensapresidencialvenezuela.gob.ve\/index.php\/wp-json\/wp\/v2\/posts"}],"about":[{"href":"https:\/\/prensapresidencialvenezuela.gob.ve\/index.php\/wp-json\/wp\/v2\/types\/post"}],"author":[{"embeddable":true,"href":"https:\/\/prensapresidencialvenezuela.gob.ve\/index.php\/wp-json\/wp\/v2\/users\/18"}],"replies":[{"embeddable":true,"href":"https:\/\/prensapresidencialvenezuela.gob.ve\/index.php\/wp-json\/wp\/v2\/comments?post=29444"}],"version-history":[{"count":1,"href":"https:\/\/prensapresidencialvenezuela.gob.ve\/index.php\/wp-json\/wp\/v2\/posts\/29444\/revisions"}],"predecessor-version":[{"id":29472,"href":"https:\/\/prensapresidencialvenezuela.gob.ve\/index.php\/wp-json\/wp\/v2\/posts\/29444\/revisions\/29472"}],"wp:featuredmedia":[{"embeddable":true,"href":"https:\/\/prensapresidencialvenezuela.gob.ve\/index.php\/wp-json\/wp\/v2\/media\/29469"}],"wp:attachment":[{"href":"https:\/\/prensapresidencialvenezuela.gob.ve\/index.php\/wp-json\/wp\/v2\/media?parent=29444"}],"wp:term":[{"taxonomy":"category","embeddable":true,"href":"https:\/\/prensapresidencialvenezuela.gob.ve\/index.php\/wp-json\/wp\/v2\/categories?post=29444"},{"taxonomy":"post_tag","embeddable":true,"href":"https:\/\/prensapresidencialvenezuela.gob.ve\/index.php\/wp-json\/wp\/v2\/tags?post=29444"}],"curies":[{"name":"wp","href":"https:\/\/api.w.org\/{rel}","templated":true}]}}