{"id":2945,"date":"2022-07-14T00:02:50","date_gmt":"2022-07-14T00:02:50","guid":{"rendered":"http:\/\/172.27.0.121\/?p=2945"},"modified":"2022-07-14T00:02:50","modified_gmt":"2022-07-14T00:02:50","slug":"presidente-anuncia-medidas-economicas-para-fortalecer-produccion-de-cacao-venezolano","status":"publish","type":"post","link":"https:\/\/prensapresidencialvenezuela.gob.ve\/index.php\/2022\/07\/14\/presidente-anuncia-medidas-economicas-para-fortalecer-produccion-de-cacao-venezolano\/","title":{"rendered":"Presidente anuncia medidas econ\u00f3micas para fortalecer producci\u00f3n de cacao venezolano"},"content":{"rendered":"\n<p><strong>La Carlota, estado Miranda.-<\/strong> El presidente de la Rep\u00fablica Bolivariana de Venezuela, Nicol\u00e1s Maduro Moros, anunci\u00f3 este mi\u00e9rcoles una serie de medidas con miras a consolidar y expandir la producci\u00f3n del cacao y sus productos derivados en el territorio nacional.<\/p>\n\n\n\n<p>Conozca a continuaci\u00f3n de que se tratan:<\/p>\n\n\n\n<ul class=\"wp-block-list\"><li>La exoneraci\u00f3n de impuestos y tasas para la exportaci\u00f3n del rubro del cacao y sus derivados.<\/li><li>Garantizar las facilidades en puertos y aeropuertos para la exportaci\u00f3n y hacer la guerra a las mafias que persiguen a los productores y empresarios honestos del cacao. A cargo de esta tarea estar\u00e1 la vicepresidenta Ejecutiva, Delcy Rodr\u00edguez.<\/li><li>Prohibir la introducci\u00f3n, propagaci\u00f3n y cultivo de cualquier material de origen no venezolano a fin de proteger la gen\u00e9tica criolla.<\/li><li>Se designa a la vicepresidenta sectorial para la Ciencia, Tecnolog\u00eda, Educaci\u00f3n y Salud, Gabriela Jim\u00e9nez, como protectora de la gen\u00e9tica del cacao venezolano.<\/li><li>Se instruye al ministro del Poder Popular para el Despacho de la Presidencia y Seguimiento de la Gesti\u00f3n de Gobierno, Jorge M\u00e1rquez, activar la recepci\u00f3n de denuncias de mafias, funcionarios, gestores y corruptos a trav\u00e9s de la l\u00ednea 58 de la aplicaci\u00f3n VenApp.<\/li><\/ul>\n\n\n\n<p>Durante la inauguraci\u00f3n de la primera edici\u00f3n de la Expoferia Cacao y Ron 2022, en el Parque Bol\u00edvar de La Carlota, el presidente Maduro destac\u00f3 la importancia de proteger la producci\u00f3n nacional y promover la exportaci\u00f3n de chocolate y los productos derivados del cacao.<\/p>\n\n\n\n<p>La Expoferia Cacao y Ron 2022 se desarrollar\u00e1 en la ciudad de Caracas del 13 al 17 de julio y en ella se prev\u00e9 el establecimiento de alianzas para la comercializaci\u00f3n, acompa\u00f1amiento tecnol\u00f3gico, acad\u00e9mico y financiero de este sector.<\/p>\n\n\n\n<p><strong>Prensa Presidencial<\/strong><\/p>\n","protected":false},"excerpt":{"rendered":"<p>La Carlota, estado Miranda.- El presidente de la Rep\u00fablica Bolivariana de Venezuela, Nicol\u00e1s Maduro Moros, anunci\u00f3 este mi\u00e9rcoles una serie de medidas con miras a consolidar y expandir la producci\u00f3n del cacao y sus productos derivados en el territorio nacional. Conozca a continuaci\u00f3n de que se tratan: La exoneraci\u00f3n de impuestos y tasas para la [&hellip;]<\/p>\n","protected":false},"author":6,"featured_media":2946,"comment_status":"open","ping_status":"open","sticky":false,"template":"","format":"standard","meta":{"footnotes":""},"categories":[7],"tags":[],"class_list":["post-2945","post","type-post","status-publish","format-standard","has-post-thumbnail","hentry","category-notas-de-prensa"],"_links":{"self":[{"href":"https:\/\/prensapresidencialvenezuela.gob.ve\/index.php\/wp-json\/wp\/v2\/posts\/2945","targetHints":{"allow":["GET"]}}],"collection":[{"href":"https:\/\/prensapresidencialvenezuela.gob.ve\/index.php\/wp-json\/wp\/v2\/posts"}],"about":[{"href":"https:\/\/prensapresidencialvenezuela.gob.ve\/index.php\/wp-json\/wp\/v2\/types\/post"}],"author":[{"embeddable":true,"href":"https:\/\/prensapresidencialvenezuela.gob.ve\/index.php\/wp-json\/wp\/v2\/users\/6"}],"replies":[{"embeddable":true,"href":"https:\/\/prensapresidencialvenezuela.gob.ve\/index.php\/wp-json\/wp\/v2\/comments?post=2945"}],"version-history":[{"count":1,"href":"https:\/\/prensapresidencialvenezuela.gob.ve\/index.php\/wp-json\/wp\/v2\/posts\/2945\/revisions"}],"predecessor-version":[{"id":2947,"href":"https:\/\/prensapresidencialvenezuela.gob.ve\/index.php\/wp-json\/wp\/v2\/posts\/2945\/revisions\/2947"}],"wp:featuredmedia":[{"embeddable":true,"href":"https:\/\/prensapresidencialvenezuela.gob.ve\/index.php\/wp-json\/wp\/v2\/media\/2946"}],"wp:attachment":[{"href":"https:\/\/prensapresidencialvenezuela.gob.ve\/index.php\/wp-json\/wp\/v2\/media?parent=2945"}],"wp:term":[{"taxonomy":"category","embeddable":true,"href":"https:\/\/prensapresidencialvenezuela.gob.ve\/index.php\/wp-json\/wp\/v2\/categories?post=2945"},{"taxonomy":"post_tag","embeddable":true,"href":"https:\/\/prensapresidencialvenezuela.gob.ve\/index.php\/wp-json\/wp\/v2\/tags?post=2945"}],"curies":[{"name":"wp","href":"https:\/\/api.w.org\/{rel}","templated":true}]}}