{"id":29453,"date":"2025-12-08T19:07:00","date_gmt":"2025-12-08T23:07:00","guid":{"rendered":"https:\/\/prensapresidencialvenezuela.gob.ve\/?p=29453"},"modified":"2025-12-08T19:13:00","modified_gmt":"2025-12-08T23:13:00","slug":"ejecutivo-nacional-promete-construir-el-nuevo-estado-comunal-inspirado-en-el-legado-del-comandante-eterno-hugo-chavez","status":"publish","type":"post","link":"https:\/\/prensapresidencialvenezuela.gob.ve\/index.php\/2025\/12\/08\/ejecutivo-nacional-promete-construir-el-nuevo-estado-comunal-inspirado-en-el-legado-del-comandante-eterno-hugo-chavez\/","title":{"rendered":"Ejecutivo Nacional promete construir el nuevo Estado Comunal inspirado en el legado del Comandante Eterno Hugo Ch\u00e1vez"},"content":{"rendered":"\n<p><strong>Caracas, Venezuela.-<\/strong> El presidente de la Rep\u00fablica Bolivariana de Venezuela, Nicol\u00e1s Maduro, se comprometi\u00f3 este lunes a profundizar la Revoluci\u00f3n, prometiendo la construcci\u00f3n de una Rep\u00fablica original inspirada en el legado del Comandante Eterno Hugo Ch\u00e1vez y basada en el desarrollo del nuevo Estado Comunal. <\/p>\n\n\n\n<p>El Mandatario Nacional afirm\u00f3 que el lema \u201cComuna o Nada\u201d, ha convertido a la comunidad en la \u201cgran fuerza de construcci\u00f3n de una nueva sociedad\u201d y en el asiento de la \u201cdemocracia verdadera\u201d y popular. <\/p>\n\n\n\n<p>\u201cFue muy grande el impacto hist\u00f3rico que tuvo el Comandante Eterno Hugo Ch\u00e1vez, y lo puedo decir hoy, con absoluta satisfacci\u00f3n y una sonrisa en mi rostro, si fue grande el impacto hist\u00f3rico del liderazgo del Comandante Ch\u00e1vez, ag\u00e1rrense porque va a ser grande lo que vamos a hacer en su nombre, de aqu\u00ed en adelante, sin lugar a dudas, la proeza del pueblo hist\u00f3rico de Venezuela, con su legado\u201d, dijo.<\/p>\n\n\n\n<p> El Jefe de Estado subray\u00f3 que el Proyecto Bolivariano es el original y asegur\u00f3 que no tienen la intenci\u00f3n de imitar o administrar el Estado burgu\u00e9s tradicional.<\/p>\n\n\n\n<p> En este sentido, destac\u00f3 la necesidad de construir una Naci\u00f3n que no sea una \u201ccopia absurda y decadente de las democracias burguesas, limitadas, falsas y podridas\u201d. <\/p>\n\n\n\n<p>Sostuvo que los bolivarianos, inspirados en el Comandante Eterno, est\u00e1n erigiendo el \u201cnuevo Estado comunal, el Estado de justicia, el Estado democr\u00e1tico, el Estado de Derecho, el Estado&#8230; con pueblo, la democracia con pueblo\u201d. <\/p>\n\n\n\n<p>Sus declaraciones se realizaron desde la Sala Nacional del Sistema de Gobierno Popular, lugar donde realiz\u00f3 un balance de todos los proyectos comunales que se han ejecutado en el pa\u00eds, de la mano del Poder Popular.<\/p>\n\n\n\n<p><strong>Prensa Presidencial\/ Iliana Rosales <\/strong><\/p>\n","protected":false},"excerpt":{"rendered":"<p>Caracas, Venezuela.- El presidente de la Rep\u00fablica Bolivariana de Venezuela, Nicol\u00e1s Maduro, se comprometi\u00f3 este lunes a profundizar la Revoluci\u00f3n, prometiendo la construcci\u00f3n de una Rep\u00fablica original inspirada en el legado del Comandante Eterno Hugo Ch\u00e1vez y basada en el desarrollo del nuevo Estado Comunal. El Mandatario Nacional afirm\u00f3 que el lema \u201cComuna o Nada\u201d, [&hellip;]<\/p>\n","protected":false},"author":15,"featured_media":29457,"comment_status":"open","ping_status":"open","sticky":false,"template":"","format":"standard","meta":{"footnotes":""},"categories":[18,7],"tags":[],"class_list":["post-29453","post","type-post","status-publish","format-standard","has-post-thumbnail","hentry","category-noticias-principales","category-notas-de-prensa"],"_links":{"self":[{"href":"https:\/\/prensapresidencialvenezuela.gob.ve\/index.php\/wp-json\/wp\/v2\/posts\/29453","targetHints":{"allow":["GET"]}}],"collection":[{"href":"https:\/\/prensapresidencialvenezuela.gob.ve\/index.php\/wp-json\/wp\/v2\/posts"}],"about":[{"href":"https:\/\/prensapresidencialvenezuela.gob.ve\/index.php\/wp-json\/wp\/v2\/types\/post"}],"author":[{"embeddable":true,"href":"https:\/\/prensapresidencialvenezuela.gob.ve\/index.php\/wp-json\/wp\/v2\/users\/15"}],"replies":[{"embeddable":true,"href":"https:\/\/prensapresidencialvenezuela.gob.ve\/index.php\/wp-json\/wp\/v2\/comments?post=29453"}],"version-history":[{"count":1,"href":"https:\/\/prensapresidencialvenezuela.gob.ve\/index.php\/wp-json\/wp\/v2\/posts\/29453\/revisions"}],"predecessor-version":[{"id":29458,"href":"https:\/\/prensapresidencialvenezuela.gob.ve\/index.php\/wp-json\/wp\/v2\/posts\/29453\/revisions\/29458"}],"wp:featuredmedia":[{"embeddable":true,"href":"https:\/\/prensapresidencialvenezuela.gob.ve\/index.php\/wp-json\/wp\/v2\/media\/29457"}],"wp:attachment":[{"href":"https:\/\/prensapresidencialvenezuela.gob.ve\/index.php\/wp-json\/wp\/v2\/media?parent=29453"}],"wp:term":[{"taxonomy":"category","embeddable":true,"href":"https:\/\/prensapresidencialvenezuela.gob.ve\/index.php\/wp-json\/wp\/v2\/categories?post=29453"},{"taxonomy":"post_tag","embeddable":true,"href":"https:\/\/prensapresidencialvenezuela.gob.ve\/index.php\/wp-json\/wp\/v2\/tags?post=29453"}],"curies":[{"name":"wp","href":"https:\/\/api.w.org\/{rel}","templated":true}]}}