{"id":29508,"date":"2025-12-08T19:35:00","date_gmt":"2025-12-08T23:35:00","guid":{"rendered":"https:\/\/prensapresidencialvenezuela.gob.ve\/?p=29508"},"modified":"2025-12-11T11:19:06","modified_gmt":"2025-12-11T15:19:06","slug":"presidente-maduro-destaca-consolidacion-de-la-defensa-nacional","status":"publish","type":"post","link":"https:\/\/prensapresidencialvenezuela.gob.ve\/index.php\/2025\/12\/08\/presidente-maduro-destaca-consolidacion-de-la-defensa-nacional\/","title":{"rendered":"Presidente Maduro destaca consolidaci\u00f3n de la Defensa Nacional"},"content":{"rendered":"\n<p><strong>Caracas, Venezuela.-<\/strong> El presidente de la Rep\u00fablica Bolivariana de Venezuela, Nicol\u00e1s Maduro Moros, resalt\u00f3 la s\u00e9ptima l\u00ednea estrat\u00e9gica de acci\u00f3n del Gobierno, enfocada en la consolidaci\u00f3n del Sistema Defensivo Nacional y la construcci\u00f3n del Poder integral de la Naci\u00f3n.<\/p>\n\n\n\n<p>El Jefe de Estado subray\u00f3 el papel vital de la Fuerza Armada Bolivariana en esta tarea, destacando que se encuentra consolidando el Sistema Defensivo de la Naci\u00f3n de manera profesional, cient\u00edfica, con alta moral combativa y serenidad imperturbable, ejerciendo la Soberan\u00eda Nacional y garantizando la seguridad de toda la Patria.<\/p>\n\n\n\n<p>El Presidente enfatiz\u00f3 que la perfecta fusi\u00f3n popular, militar y policial est\u00e1 en pleno desarrollo, y aunque este a\u00f1o se sobrepasaron las metas en Seguridad Ciudadana, Soberan\u00eda Nacional y capacidad de defensa militar, \u00abtodav\u00eda falta mucho trecho de camino porque estamos construyendo el Poder de la Naci\u00f3n venezolana\u00bb. Coment\u00f3 el Mandatario.<\/p>\n\n\n\n<p>Tambi\u00e9n, hizo un llamado a no olvidar la construcci\u00f3n del Poder Integral de la Naci\u00f3n, que incluye los componentes social, pol\u00edtico, militar, policial, espiritual, constitucional y p\u00fablico. Afirm\u00f3 que \u00abmientras m\u00e1s poder tenga la naci\u00f3n, m\u00e1s seguro estar\u00e1 el camino de la paz para construir nuestro propio modelo en la m\u00e1xima felicidad social\u00bb.<\/p>\n\n\n\n<p>La jornada de Gobierno Popular se convirti\u00f3 tambi\u00e9n en un programa especial dedicado a los 13 a\u00f1os de la proclama de unidad, lucha, batalla y victoria del Comandante Eterno Hugo Ch\u00e1vez.<\/p>\n\n\n\n<p>El Mandatario Nacional afirm\u00f3 que el Comandante Ch\u00e1vez se qued\u00f3 entre los venezolanos para siempre y tiene vida eterna e inmortal porque sus ideas han trascendido y se han convertido en pueblo constituyente.<\/p>\n\n\n\n<p><strong>Prensa Presidencial\/ Kaylib Maita<\/strong><\/p>\n","protected":false},"excerpt":{"rendered":"<p>Caracas, Venezuela.- El presidente de la Rep\u00fablica Bolivariana de Venezuela, Nicol\u00e1s Maduro Moros, resalt\u00f3 la s\u00e9ptima l\u00ednea estrat\u00e9gica de acci\u00f3n del Gobierno, enfocada en la consolidaci\u00f3n del Sistema Defensivo Nacional y la construcci\u00f3n del Poder integral de la Naci\u00f3n. El Jefe de Estado subray\u00f3 el papel vital de la Fuerza Armada Bolivariana en esta tarea, [&hellip;]<\/p>\n","protected":false},"author":1,"featured_media":29534,"comment_status":"open","ping_status":"open","sticky":false,"template":"","format":"standard","meta":{"footnotes":""},"categories":[18,7],"tags":[19,20],"class_list":["post-29508","post","type-post","status-publish","format-standard","has-post-thumbnail","hentry","category-noticias-principales","category-notas-de-prensa","tag-nicolas-maduro","tag-venezuela"],"_links":{"self":[{"href":"https:\/\/prensapresidencialvenezuela.gob.ve\/index.php\/wp-json\/wp\/v2\/posts\/29508","targetHints":{"allow":["GET"]}}],"collection":[{"href":"https:\/\/prensapresidencialvenezuela.gob.ve\/index.php\/wp-json\/wp\/v2\/posts"}],"about":[{"href":"https:\/\/prensapresidencialvenezuela.gob.ve\/index.php\/wp-json\/wp\/v2\/types\/post"}],"author":[{"embeddable":true,"href":"https:\/\/prensapresidencialvenezuela.gob.ve\/index.php\/wp-json\/wp\/v2\/users\/1"}],"replies":[{"embeddable":true,"href":"https:\/\/prensapresidencialvenezuela.gob.ve\/index.php\/wp-json\/wp\/v2\/comments?post=29508"}],"version-history":[{"count":1,"href":"https:\/\/prensapresidencialvenezuela.gob.ve\/index.php\/wp-json\/wp\/v2\/posts\/29508\/revisions"}],"predecessor-version":[{"id":29513,"href":"https:\/\/prensapresidencialvenezuela.gob.ve\/index.php\/wp-json\/wp\/v2\/posts\/29508\/revisions\/29513"}],"wp:featuredmedia":[{"embeddable":true,"href":"https:\/\/prensapresidencialvenezuela.gob.ve\/index.php\/wp-json\/wp\/v2\/media\/29534"}],"wp:attachment":[{"href":"https:\/\/prensapresidencialvenezuela.gob.ve\/index.php\/wp-json\/wp\/v2\/media?parent=29508"}],"wp:term":[{"taxonomy":"category","embeddable":true,"href":"https:\/\/prensapresidencialvenezuela.gob.ve\/index.php\/wp-json\/wp\/v2\/categories?post=29508"},{"taxonomy":"post_tag","embeddable":true,"href":"https:\/\/prensapresidencialvenezuela.gob.ve\/index.php\/wp-json\/wp\/v2\/tags?post=29508"}],"curies":[{"name":"wp","href":"https:\/\/api.w.org\/{rel}","templated":true}]}}