{"id":29522,"date":"2025-12-08T21:02:27","date_gmt":"2025-12-09T01:02:27","guid":{"rendered":"https:\/\/prensapresidencialvenezuela.gob.ve\/?p=29522"},"modified":"2025-12-08T21:04:25","modified_gmt":"2025-12-09T01:04:25","slug":"psuv-anuncia-el-despliegue-de-los-ccbi-bajo-el-plan-punto-y-circulo","status":"publish","type":"post","link":"https:\/\/prensapresidencialvenezuela.gob.ve\/index.php\/2025\/12\/08\/psuv-anuncia-el-despliegue-de-los-ccbi-bajo-el-plan-punto-y-circulo\/","title":{"rendered":"PSUV anuncia el despliegue de los CCBI bajo el plan punto y c\u00edrculo"},"content":{"rendered":"\n<p><strong>Caracas, Venezuela<\/strong>.- El Partido Socialista Unido de Venezuela (PSUV) ha consolidado una profunda transformaci\u00f3n organizativa al migrar hacia una direcci\u00f3n colectiva desde sus bases, inform\u00f3 este lunes Diosdado Cabello, secretario general de la tolda roja.<\/p>\n\n\n\n<p>Tras la realizaci\u00f3n de 237.900 asambleas de calle en todo el pa\u00eds, la otrora figura del Jefe de Calle ha evolucionado hacia un \u00abComit\u00e9 Bolivariano de Base Integral\u00bb (CCBI), otorgando el control pol\u00edtico a una estructura grupal en lugar de una individual. <\/p>\n\n\n\n<p>Esta reestructuraci\u00f3n, instruida por la plenaria del V Congreso del PSUV y el IV Congreso de la JPSUV, busca un control m\u00e1s minucioso del territorio, explic\u00f3 Cabello, detallando que ya se cuenta con una cartograf\u00eda espec\u00edfica de cada calle del pa\u00eds, de cara a la realizaci\u00f3n de un trabajo organizativo junto a las bases. <\/p>\n\n\n\n<p><strong>Despliegue en comunidades y plan punto y c\u00edrculo<\/strong><\/p>\n\n\n\n<p>El secretario general de la tolda roja mencion\u00f3 que el partido activ\u00f3 m\u00e1s de 47 mil CBBI y que esta fase de la estructura tiene como objetivo la ejecuci\u00f3n de tareas bajo el concepto de plan de punto y c\u00edrculo, que implica un radio de acci\u00f3n directa en el territorio.<\/p>\n\n\n\n<p> \u00abYa hoy lunes, martes y mi\u00e9rcoles tienen tareas en las comunidades. Estas tienen que ver con las redes de comunicaci\u00f3n, acci\u00f3n y planificaci\u00f3n, para la ejecuci\u00f3n de tareas din\u00e1micas en el territorio\u00bb, explic\u00f3 durante un pase televisivo directo con el presidente de la Rep\u00fablica Bolivariana de Venezuela, Nicol\u00e1s Maduro, en el que estuvo acompa\u00f1ado por el Bur\u00f3 Pol\u00edtico y la Direcci\u00f3n Nacional.<\/p>\n\n\n\n<p><strong>Seguridad y Cuadrantes de Paz<\/strong><\/p>\n\n\n\n<p>El secretario general vincul\u00f3 la organizaci\u00f3n pol\u00edtica con la seguridad ciudadana, anunciando que el partido ahora se integra formalmente a los circuitos comunales y a los Cuadrantes de Paz. Inform\u00f3 que ya se han establecido m\u00e1s de un 30% de los cuadrantes previstos, en un trabajo conjunto con gobernadores y alcaldes.<\/p>\n\n\n\n<p>En este sentido, Cabello subray\u00f3 que 2025 es el a\u00f1o del combate directo contra bandas criminales y grupos desestabilizadores. Afirm\u00f3, adem\u00e1s, que existe una conexi\u00f3n operativa entre estos grupos delictivos y sectores de la derecha fascista. Destac\u00f3 la reciente neutralizaci\u00f3n de miembros de bandas criminales en Gu\u00e1rico y Apure como parte de este despliegue. <\/p>\n\n\n\n<p>Asimismo, indic\u00f3 que este despliegue territorial ha permitido reducir las cifras de criminalidad en comparaci\u00f3n con el a\u00f1o anterior, proyectando cerrar el 2024 con n\u00fameros hist\u00f3ricos de pacificaci\u00f3n. <\/p>\n\n\n\n<p>Para finalizar, se anunci\u00f3 que antes de culminar el a\u00f1o se realizar\u00e1 una dotaci\u00f3n adicional de veh\u00edculos y equipos a los cuerpos policiales para reforzar la fusi\u00f3n popular-militar-policial en todo el territorio nacional.<\/p>\n\n\n\n<p><strong><strong>Prensa Presidencial\/ Iliana Rosales <\/strong><\/strong><\/p>\n","protected":false},"excerpt":{"rendered":"<p>Caracas, Venezuela.- El Partido Socialista Unido de Venezuela (PSUV) ha consolidado una profunda transformaci\u00f3n organizativa al migrar hacia una direcci\u00f3n colectiva desde sus bases, inform\u00f3 este lunes Diosdado Cabello, secretario general de la tolda roja. Tras la realizaci\u00f3n de 237.900 asambleas de calle en todo el pa\u00eds, la otrora figura del Jefe de Calle ha [&hellip;]<\/p>\n","protected":false},"author":1,"featured_media":29525,"comment_status":"open","ping_status":"open","sticky":false,"template":"","format":"standard","meta":{"footnotes":""},"categories":[18,7],"tags":[],"class_list":["post-29522","post","type-post","status-publish","format-standard","has-post-thumbnail","hentry","category-noticias-principales","category-notas-de-prensa"],"_links":{"self":[{"href":"https:\/\/prensapresidencialvenezuela.gob.ve\/index.php\/wp-json\/wp\/v2\/posts\/29522","targetHints":{"allow":["GET"]}}],"collection":[{"href":"https:\/\/prensapresidencialvenezuela.gob.ve\/index.php\/wp-json\/wp\/v2\/posts"}],"about":[{"href":"https:\/\/prensapresidencialvenezuela.gob.ve\/index.php\/wp-json\/wp\/v2\/types\/post"}],"author":[{"embeddable":true,"href":"https:\/\/prensapresidencialvenezuela.gob.ve\/index.php\/wp-json\/wp\/v2\/users\/1"}],"replies":[{"embeddable":true,"href":"https:\/\/prensapresidencialvenezuela.gob.ve\/index.php\/wp-json\/wp\/v2\/comments?post=29522"}],"version-history":[{"count":2,"href":"https:\/\/prensapresidencialvenezuela.gob.ve\/index.php\/wp-json\/wp\/v2\/posts\/29522\/revisions"}],"predecessor-version":[{"id":29531,"href":"https:\/\/prensapresidencialvenezuela.gob.ve\/index.php\/wp-json\/wp\/v2\/posts\/29522\/revisions\/29531"}],"wp:featuredmedia":[{"embeddable":true,"href":"https:\/\/prensapresidencialvenezuela.gob.ve\/index.php\/wp-json\/wp\/v2\/media\/29525"}],"wp:attachment":[{"href":"https:\/\/prensapresidencialvenezuela.gob.ve\/index.php\/wp-json\/wp\/v2\/media?parent=29522"}],"wp:term":[{"taxonomy":"category","embeddable":true,"href":"https:\/\/prensapresidencialvenezuela.gob.ve\/index.php\/wp-json\/wp\/v2\/categories?post=29522"},{"taxonomy":"post_tag","embeddable":true,"href":"https:\/\/prensapresidencialvenezuela.gob.ve\/index.php\/wp-json\/wp\/v2\/tags?post=29522"}],"curies":[{"name":"wp","href":"https:\/\/api.w.org\/{rel}","templated":true}]}}