{"id":29527,"date":"2025-12-08T21:08:02","date_gmt":"2025-12-09T01:08:02","guid":{"rendered":"https:\/\/prensapresidencialvenezuela.gob.ve\/?p=29527"},"modified":"2025-12-08T21:08:02","modified_gmt":"2025-12-09T01:08:02","slug":"padrino-lopez-la-milicia-es-la-respuesta-del-pueblo-contra-el-hegemonismo-y-el-imperialismo","status":"publish","type":"post","link":"https:\/\/prensapresidencialvenezuela.gob.ve\/index.php\/2025\/12\/08\/padrino-lopez-la-milicia-es-la-respuesta-del-pueblo-contra-el-hegemonismo-y-el-imperialismo\/","title":{"rendered":"Padrino L\u00f3pez: La Milicia es la respuesta del pueblo contra el hegemonismo y el imperialismo"},"content":{"rendered":"\n<p>Caracas, Venezuela.- El vicepresidente sectorial de Defensa y Soberan\u00eda, y ministro del Poder Popular para la Defensa, G\/J Vladimir Padrino L\u00f3pez, afirm\u00f3 este lunes que Venezuela ha respondido a las agresiones externas fortaleciendo un sistema defensivo \u00fanico en el mundo, gracias a la reactivaci\u00f3n y reinscripci\u00f3n masiva en la Milicia Bolivariana, que representa un freno directo a las pretensiones hegem\u00f3nicas del imperialismo.<\/p>\n\n\n\n<p>\u00abLa salida del pueblo de Venezuela a sumarse a las filas patri\u00f3ticas no fue sino un mensaje contra el hegemonismo, contra el imperialismo y un mensaje rotundo de deseo de paz\u00bb, sentenci\u00f3 Padrino L\u00f3pez, cuando acompa\u00f1aba al presidente de la Rep\u00fablica Bolivariana de Venezuela, Nicol\u00e1s Maduro, desde la Sala Nacional del Sistema de Gobierno Popular, donde realiz\u00f3 un balance de todos los proyectos comunales que se han desarrollado en el pa\u00eds. <\/p>\n\n\n\n<p>El Ministro subray\u00f3 que esta movilizaci\u00f3n no es solo simb\u00f3lica, sino operativa, orientada a convertir el territorio nacional en un espacio inexpugnable mediante el control positivo y popular de cada municipio.<\/p>\n\n\n\n<p> <strong>Control territorial para la soberan\u00eda<\/strong> <\/p>\n\n\n\n<p>El General en Jefe explic\u00f3 que la estrategia de defensa integral ha evolucionado hacia la creaci\u00f3n de 335 \u00c1reas de Defensa Integral (ADI), una por cada municipio del pa\u00eds, complementadas por las Unidades Comunales de Milicia de Combate. Enfatiz\u00f3 que este control no busca restringir a la sociedad, sino ejercer la soberan\u00eda y garantizar que el territorio est\u00e9 libre de amenazas transnacionales. <\/p>\n\n\n\n<p>\u00abEstamos construyendo la inexpugnabilidad del territorio nacional y eso pasa por ocupar el territorio. El control es para ejercer soberan\u00eda nacional\u00bb, puntualiz\u00f3. <\/p>\n\n\n\n<p>Asimismo, destac\u00f3 la creaci\u00f3n de Centros de Entrenamiento Popular donde la Milicia se cohesiona con las comunas para prepararse ante cualquier intento de desestabilizaci\u00f3n.<\/p>\n\n\n\n<p><strong>Prensa Presidencial\/ Iliana Rosales <\/strong><\/p>\n","protected":false},"excerpt":{"rendered":"<p>Caracas, Venezuela.- El vicepresidente sectorial de Defensa y Soberan\u00eda, y ministro del Poder Popular para la Defensa, G\/J Vladimir Padrino L\u00f3pez, afirm\u00f3 este lunes que Venezuela ha respondido a las agresiones externas fortaleciendo un sistema defensivo \u00fanico en el mundo, gracias a la reactivaci\u00f3n y reinscripci\u00f3n masiva en la Milicia Bolivariana, que representa un freno [&hellip;]<\/p>\n","protected":false},"author":1,"featured_media":29536,"comment_status":"open","ping_status":"open","sticky":false,"template":"","format":"standard","meta":{"footnotes":""},"categories":[18,7],"tags":[],"class_list":["post-29527","post","type-post","status-publish","format-standard","has-post-thumbnail","hentry","category-noticias-principales","category-notas-de-prensa"],"_links":{"self":[{"href":"https:\/\/prensapresidencialvenezuela.gob.ve\/index.php\/wp-json\/wp\/v2\/posts\/29527","targetHints":{"allow":["GET"]}}],"collection":[{"href":"https:\/\/prensapresidencialvenezuela.gob.ve\/index.php\/wp-json\/wp\/v2\/posts"}],"about":[{"href":"https:\/\/prensapresidencialvenezuela.gob.ve\/index.php\/wp-json\/wp\/v2\/types\/post"}],"author":[{"embeddable":true,"href":"https:\/\/prensapresidencialvenezuela.gob.ve\/index.php\/wp-json\/wp\/v2\/users\/1"}],"replies":[{"embeddable":true,"href":"https:\/\/prensapresidencialvenezuela.gob.ve\/index.php\/wp-json\/wp\/v2\/comments?post=29527"}],"version-history":[{"count":1,"href":"https:\/\/prensapresidencialvenezuela.gob.ve\/index.php\/wp-json\/wp\/v2\/posts\/29527\/revisions"}],"predecessor-version":[{"id":29529,"href":"https:\/\/prensapresidencialvenezuela.gob.ve\/index.php\/wp-json\/wp\/v2\/posts\/29527\/revisions\/29529"}],"wp:featuredmedia":[{"embeddable":true,"href":"https:\/\/prensapresidencialvenezuela.gob.ve\/index.php\/wp-json\/wp\/v2\/media\/29536"}],"wp:attachment":[{"href":"https:\/\/prensapresidencialvenezuela.gob.ve\/index.php\/wp-json\/wp\/v2\/media?parent=29527"}],"wp:term":[{"taxonomy":"category","embeddable":true,"href":"https:\/\/prensapresidencialvenezuela.gob.ve\/index.php\/wp-json\/wp\/v2\/categories?post=29527"},{"taxonomy":"post_tag","embeddable":true,"href":"https:\/\/prensapresidencialvenezuela.gob.ve\/index.php\/wp-json\/wp\/v2\/tags?post=29527"}],"curies":[{"name":"wp","href":"https:\/\/api.w.org\/{rel}","templated":true}]}}