{"id":29538,"date":"2025-12-08T21:16:33","date_gmt":"2025-12-09T01:16:33","guid":{"rendered":"https:\/\/prensapresidencialvenezuela.gob.ve\/?p=29538"},"modified":"2025-12-09T15:13:51","modified_gmt":"2025-12-09T19:13:51","slug":"fanb-se-mantiene-en-ejercicio-permanente-y-vigilante-como-guardianes-de-la-honra-e-independencia-de-la-patria","status":"publish","type":"post","link":"https:\/\/prensapresidencialvenezuela.gob.ve\/index.php\/2025\/12\/08\/fanb-se-mantiene-en-ejercicio-permanente-y-vigilante-como-guardianes-de-la-honra-e-independencia-de-la-patria\/","title":{"rendered":"FANB se mantiene en ejercicio permanente y vigilante como guardianes de la honra e independencia de la Patria"},"content":{"rendered":"\n<p><strong>Caracas, Venezuela.- <\/strong>Durante un pase televisivo que se realiz\u00f3 a la sede del Comando Estrat\u00e9gico Operacional de la Fuerza Armada Nacional Bolivariana(CEOFANB), el comandante GJ Domingo Hern\u00e1ndez L\u00e1rez, asever\u00f3 que el cuerpo castrense ha dado saltos cu\u00e1nticos en este periodo, en lo que se refiere a la Doctrina Militar Popular y Bolivariana, como concepto estrat\u00e9gico militar parala Defensa Integral de la Naci\u00f3n. <\/p>\n\n\n\n<p>Asimismo, indic\u00f3 que la FANB ha demostrado junto al pueblo, que \u00abVenezuela es territorio de paz, de derecho y de justicia, porque somos lo afirmativo de los venezolanos y defenderemos lo que nos pertenece a todo trance\u00bb. <\/p>\n\n\n\n<p>Durante el balance del desarrollo del Sistema Defensivo Nacional, el GJ Hern\u00e1ndez L\u00e1rez, expres\u00f3 desde el Puesto de Comando, que \u00abel CEOFANB es el m\u00e1ximo ente integrador\u00bb,y que para el resguardo de la Patria se mantienen en ejercicio permanente y vigilante como guardianes de la honra e independencia de la Patria. <\/p>\n\n\n\n<p><strong>Ejercicios de control, comando y comunicaciones<\/strong><\/p>\n\n\n\n<p>En este sentido, el GJ Hern\u00e1ndez L\u00e1rez precis\u00f3 que desde el comando est\u00e1n prestos para dictar las directrices impartidas por el presidente Nicol\u00e1s Maduro, a todo el sistema defensivo del pa\u00eds. En cuanto a las asechanzas del gobierno de los Estados Unidos en el Caribe, el Comandante del CEOFANB dijo: \u00abEstamos rodeados y al asecho por el imperio m\u00e1s genocida del planeta, por eso debemos proteger y defender nuestros derechos constitucionales que dan continuidad al normal desenvolvimiento de la Patria\u00bb. <\/p>\n\n\n\n<p>Detall\u00f3 que los derechos constitucionales deben estar desarrollados en los 7 \u00e1mbitos del poder (econ\u00f3mico, social, pol\u00edtico, cultural, ambiental, militar y geogr\u00e1fico),ya que est\u00e1n definidos por los objetivos hist\u00f3ricos establecidos en el Plan dela Patria y la Ley de las 7 Transformaciones, para alcanzar el desarrollo definitivo y absoluto de la Patria Grande que desarroll\u00f3 el Libertador Sim\u00f3n Bol\u00edvar y el Comandante Supremo Hugo Ch\u00e1vez. <\/p>\n\n\n\n<blockquote class=\"wp-block-quote is-layout-flow wp-block-quote-is-layout-flow\">\n<p>\u00abTodos los planes est\u00e1n estructurados en el Sistema Defensivo Territorial, con procedimiento sincronizados, funciones, maniobrando, sosteniendo operaciones de log\u00edstica, dirigiendo y agregando los factores de multiplicadores del poder racional y de combate, en la b\u00fasqueda del punto culminante y el momento oportuno para accionar en pro de nuestra Patria\u00bb, precis\u00f3. <\/p>\n<\/blockquote>\n\n\n\n<p>Por otra parte, se\u00f1al\u00f3 que es fundamental para la FANB que las comunidades participen en corresponsabilidad, debido a que las estructuras populares adscritas a los circuitos comunales e integradas dentro de la Regi\u00f3n Estrat\u00e9gica de Defensa Integral (REDI), la Zona Operativa de Defensa Integral (ZODI), las \u00c1reas de Defensa Integral (ADI), deben mantener unidas para la cohesi\u00f3n y victoria de la Patria. <\/p>\n\n\n\n<p><strong>Prensa Presidencial\/ Irmary D\u00edaz<\/strong><\/p>\n","protected":false},"excerpt":{"rendered":"<p>Caracas, Venezuela.- Durante un pase televisivo que se realiz\u00f3 a la sede del Comando Estrat\u00e9gico Operacional de la Fuerza Armada Nacional Bolivariana(CEOFANB), el comandante GJ Domingo Hern\u00e1ndez L\u00e1rez, asever\u00f3 que el cuerpo castrense ha dado saltos cu\u00e1nticos en este periodo, en lo que se refiere a la Doctrina Militar Popular y Bolivariana, como concepto estrat\u00e9gico [&hellip;]<\/p>\n","protected":false},"author":15,"featured_media":29543,"comment_status":"open","ping_status":"open","sticky":false,"template":"","format":"standard","meta":{"footnotes":""},"categories":[7],"tags":[],"class_list":["post-29538","post","type-post","status-publish","format-standard","has-post-thumbnail","hentry","category-notas-de-prensa"],"_links":{"self":[{"href":"https:\/\/prensapresidencialvenezuela.gob.ve\/index.php\/wp-json\/wp\/v2\/posts\/29538","targetHints":{"allow":["GET"]}}],"collection":[{"href":"https:\/\/prensapresidencialvenezuela.gob.ve\/index.php\/wp-json\/wp\/v2\/posts"}],"about":[{"href":"https:\/\/prensapresidencialvenezuela.gob.ve\/index.php\/wp-json\/wp\/v2\/types\/post"}],"author":[{"embeddable":true,"href":"https:\/\/prensapresidencialvenezuela.gob.ve\/index.php\/wp-json\/wp\/v2\/users\/15"}],"replies":[{"embeddable":true,"href":"https:\/\/prensapresidencialvenezuela.gob.ve\/index.php\/wp-json\/wp\/v2\/comments?post=29538"}],"version-history":[{"count":1,"href":"https:\/\/prensapresidencialvenezuela.gob.ve\/index.php\/wp-json\/wp\/v2\/posts\/29538\/revisions"}],"predecessor-version":[{"id":29544,"href":"https:\/\/prensapresidencialvenezuela.gob.ve\/index.php\/wp-json\/wp\/v2\/posts\/29538\/revisions\/29544"}],"wp:featuredmedia":[{"embeddable":true,"href":"https:\/\/prensapresidencialvenezuela.gob.ve\/index.php\/wp-json\/wp\/v2\/media\/29543"}],"wp:attachment":[{"href":"https:\/\/prensapresidencialvenezuela.gob.ve\/index.php\/wp-json\/wp\/v2\/media?parent=29538"}],"wp:term":[{"taxonomy":"category","embeddable":true,"href":"https:\/\/prensapresidencialvenezuela.gob.ve\/index.php\/wp-json\/wp\/v2\/categories?post=29538"},{"taxonomy":"post_tag","embeddable":true,"href":"https:\/\/prensapresidencialvenezuela.gob.ve\/index.php\/wp-json\/wp\/v2\/tags?post=29538"}],"curies":[{"name":"wp","href":"https:\/\/api.w.org\/{rel}","templated":true}]}}