{"id":2958,"date":"2022-05-20T12:05:00","date_gmt":"2022-05-20T12:05:00","guid":{"rendered":"http:\/\/172.27.0.121\/?p=2958"},"modified":"2022-07-14T17:20:55","modified_gmt":"2022-07-14T17:20:55","slug":"presidente-maduro-levanta-las-banderas-de-la-victoria-popular-en-su-segundo-mandato","status":"publish","type":"post","link":"https:\/\/prensapresidencialvenezuela.gob.ve\/index.php\/2022\/05\/20\/presidente-maduro-levanta-las-banderas-de-la-victoria-popular-en-su-segundo-mandato\/","title":{"rendered":"Presidente Maduro levanta las banderas de la victoria popular en su segundo mandato"},"content":{"rendered":"\n<p>Palac<strong>io de Miraflores, Caracas. \u2013 <\/strong>Con una victoria popular y democr\u00e1tica transita el segundo mandato del Presidente Nicol\u00e1s Maduro, lo que significa la continuidad de la expresi\u00f3n de la poblaci\u00f3n venezolana, una voz que se alz\u00f3 el domingo 20 de mayo 2018, a trav\u00e9s de una actividad democr\u00e1tica como lo es el sufragio y bajo los lineamientos que exige el marco jur\u00eddico vigente en Venezuela en materia electoral as\u00ed como con la aprobaci\u00f3n de la Asamblea Nacional Constituyente (ANC), como instancia plenipotenciaria elegida por la poblaci\u00f3n venezolana, en julio de 2017.<\/p>\n\n\n\n<p>Hablar de este aniversario de la elecci\u00f3n presidencial de Nicol\u00e1s Maduro, nos remite a los diferentes escenarios que han caracterizado este periodo de gobierno, en el que se han abierto nuevos espacios de perturbaci\u00f3n pol\u00edtica en Venezuela, luego de las superadas en el a\u00f1o 2017 con las \u201cguarimbas\u201d o Golpe Suave, tal y como lo llam\u00f3 Gene Sharp.<\/p>\n\n\n\n<p>Contra la gesti\u00f3n del presidente Maduro, sin duda, se han aplicado armas para derrocar su Gobierno, sin tener que recurrir a las armas convencionales. Y es precisamente Sharp (fil\u00f3sofo, pol\u00edtico, profesor, polit\u00f3logo y escritor estadounidense, conocido por su extensa obra en defensa de la no violencia como lucha contra el poder), quien describi\u00f3 los 198 m\u00e9todos para derrocar Gobiernos mediante lo que se conoce como \u2018golpes suaves\u2019.<\/p>\n\n\n\n<p>Para el analista pol\u00edtico venezolano, Carlos Ellis, tras el \u201ctriunfo en mayo de 2018, se han dise\u00f1ado y puesto en pr\u00e1ctica mecanismos dise\u00f1ados en los laboratorios m\u00e1s avanzados e intelectuales de la ultraderecha internacional auspiciada por los Estrados Unidos de Norteam\u00e9rica y articulada con corrientes opositoras en Venezuela\u201d.<\/p>\n\n\n\n<p>Ha sido, en este sentido, tit\u00e1nica la tarea que le ha correspondido asumir al jefe de Estado venezolano, sorteando intentos de magnicidio, guerra econ\u00f3mica, infiltraciones en organismos del Estado, perturbaciones de servicios p\u00fablicos, campa\u00f1a medi\u00e1tica internacional, asfixia econ\u00f3mica, desabastecimiento por parte de las empresas privadas, burbuja especulativa, d\u00f3lar paralelo, aislamiento internacional y el bloqueo financiero internacional.<\/p>\n\n\n\n<p>Pese a este panorama, el Mandatario nacional no ha claudicado, junto al pueblo, \u00e9l ha continuado con la puesta en marcha de pol\u00edticas p\u00fablicas combativas al ataque permanente por parte de la ultraderecha venezolana auspiciada por la administraci\u00f3n estadounidense, ya sin m\u00e1scaras, sin ning\u00fan pudor y con el mayor descaro.<\/p>\n\n\n\n<p>Estas pol\u00edticas del Gobierno Bolivariano, con las que se ha hecho frente al ataque de marca imperialista, se traducen en la entrega de viviendas dignas, as\u00ed como la producci\u00f3n y distribuci\u00f3n de los CLAP (Comit\u00e9s Locales de Abastecimiento y Producci\u00f3n), un mecanismo que responde directamente a la guerra econ\u00f3mica que promueve Estados Unidos contra el pa\u00eds.<\/p>\n\n\n\n<p>Al respecto \u2013 agrega Ellis \u2013 el presidente Maduro en este periodo presidencial demuestra al mundo las condiciones de resistencia en la uni\u00f3n pueblo-Fuerza Armada Nacional Bolivariana (FANB) y Gobierno, combinado con una pol\u00edtica exterior fundamentada en alianzas estrat\u00e9gicas como las que se mantienen con la Rep\u00fablica Popular China y Rusia.<\/p>\n\n\n\n<p><strong>Gobierno Bolivariano prioriza la salud en tiempos de pandemia<\/strong><\/p>\n\n\n\n<p>La pandemia encontr\u00f3 a Venezuela en una situaci\u00f3n compleja y pese a que enfrenta medidas coercitivas, asedio diplom\u00e1tico internacional, bloqueo econ\u00f3mico y ataques con mercenarios, el Gobierno Bolivariano ha puesto todo su empe\u00f1o en controlar la pandemia y poder exhibir los resultados obtenidos.<\/p>\n\n\n\n<p>La contenci\u00f3n de la enfermedad es el acumulado del aprendizaje y de la organizaci\u00f3n y conciencia del pueblo venezolano, de un gobierno que ha dirigido acciones efectivas para controlar el COVID-19, de una Fuerza Armada cohesionada, empe\u00f1ada en garantizar el resguardo del pueblo y la soberan\u00eda de la naci\u00f3n.<\/p>\n\n\n\n<p>El Gobierno del presidente Nicol\u00e1s Maduro, adopt\u00f3 desde el inicio medidas importantes para controlar la pandemia de COVID-19, entre ellas se cre\u00f3 la Comisi\u00f3n Presidencial, liderada por el mandatario nacional, encargada en hacer seguimiento directo de la pandemia y generar pol\u00edticas para cada etapa; al conocerse los primeros casos, se estableci\u00f3 la cuarentena social y voluntaria, asumida de manera consciente y organizada por todo el pueblo venezolano y se emple\u00f3 la atenci\u00f3n m\u00e9dica personalizada de los posibles casos detectados a trav\u00e9s de la Plataforma tecnol\u00f3gica Patria, que contiene la informaci\u00f3n de cerca de 20 millones de venezolanas y venezolanos.<\/p>\n\n\n\n<p>La resistencia del presidente Maduro se pierde de vista. Hoy Venezuela- ha dicho el Jefe de Estado venezolano \u2013 es sin\u00f3nimo de resistencia, lucha y libertad, en el contexto de la batalla que mantiene la Patria de Bol\u00edvar ante las constantes arremetidas del gobierno estadounidense y sus aliados contra el pueblo venezolano y el desarrollo del pa\u00eds.<\/p>\n\n\n\n<p>Es ese temple bolivariano otra de las caracter\u00edsticas de este periodo presidencial de Nicol\u00e1s Maduro.<\/p>\n\n\n\n<p><strong>Prensa Presidencial \/ Ana\u00eds P\u00e9rez<\/strong><\/p>\n","protected":false},"excerpt":{"rendered":"<p>Palacio de Miraflores, Caracas. \u2013 Con una victoria popular y democr\u00e1tica transita el segundo mandato del Presidente Nicol\u00e1s Maduro, lo que significa la continuidad de la expresi\u00f3n de la poblaci\u00f3n venezolana, una voz que se alz\u00f3 el domingo 20 de mayo 2018, a trav\u00e9s de una actividad democr\u00e1tica como lo es el sufragio y bajo [&hellip;]<\/p>\n","protected":false},"author":6,"featured_media":2964,"comment_status":"open","ping_status":"open","sticky":false,"template":"","format":"standard","meta":{"footnotes":""},"categories":[10],"tags":[],"class_list":["post-2958","post","type-post","status-publish","format-standard","has-post-thumbnail","hentry","category-especiales"],"_links":{"self":[{"href":"https:\/\/prensapresidencialvenezuela.gob.ve\/index.php\/wp-json\/wp\/v2\/posts\/2958","targetHints":{"allow":["GET"]}}],"collection":[{"href":"https:\/\/prensapresidencialvenezuela.gob.ve\/index.php\/wp-json\/wp\/v2\/posts"}],"about":[{"href":"https:\/\/prensapresidencialvenezuela.gob.ve\/index.php\/wp-json\/wp\/v2\/types\/post"}],"author":[{"embeddable":true,"href":"https:\/\/prensapresidencialvenezuela.gob.ve\/index.php\/wp-json\/wp\/v2\/users\/6"}],"replies":[{"embeddable":true,"href":"https:\/\/prensapresidencialvenezuela.gob.ve\/index.php\/wp-json\/wp\/v2\/comments?post=2958"}],"version-history":[{"count":1,"href":"https:\/\/prensapresidencialvenezuela.gob.ve\/index.php\/wp-json\/wp\/v2\/posts\/2958\/revisions"}],"predecessor-version":[{"id":2965,"href":"https:\/\/prensapresidencialvenezuela.gob.ve\/index.php\/wp-json\/wp\/v2\/posts\/2958\/revisions\/2965"}],"wp:featuredmedia":[{"embeddable":true,"href":"https:\/\/prensapresidencialvenezuela.gob.ve\/index.php\/wp-json\/wp\/v2\/media\/2964"}],"wp:attachment":[{"href":"https:\/\/prensapresidencialvenezuela.gob.ve\/index.php\/wp-json\/wp\/v2\/media?parent=2958"}],"wp:term":[{"taxonomy":"category","embeddable":true,"href":"https:\/\/prensapresidencialvenezuela.gob.ve\/index.php\/wp-json\/wp\/v2\/categories?post=2958"},{"taxonomy":"post_tag","embeddable":true,"href":"https:\/\/prensapresidencialvenezuela.gob.ve\/index.php\/wp-json\/wp\/v2\/tags?post=2958"}],"curies":[{"name":"wp","href":"https:\/\/api.w.org\/{rel}","templated":true}]}}