{"id":2996,"date":"2022-07-14T17:30:00","date_gmt":"2022-07-14T17:30:00","guid":{"rendered":"http:\/\/172.27.0.121\/?p=2996"},"modified":"2022-07-15T00:38:21","modified_gmt":"2022-07-15T00:38:21","slug":"presidente-lidera-graduacion-de-mas-de-3-mil-nuevos-profesionales-de-la-salud","status":"publish","type":"post","link":"https:\/\/prensapresidencialvenezuela.gob.ve\/index.php\/2022\/07\/14\/presidente-lidera-graduacion-de-mas-de-3-mil-nuevos-profesionales-de-la-salud\/","title":{"rendered":"Presidente lidera graduaci\u00f3n de m\u00e1s de 3 mil nuevos profesionales de la salud"},"content":{"rendered":"\n<p><strong>Poliedro de Caracas, Caracas.-<\/strong> Desde el Poliedro de Caracas, ubicado en La Rinconada, el presidente de la Rep\u00fablica, Nicol\u00e1s Maduro, encabeza este jueves la graduaci\u00f3n de 3.894 nuevos profesionales de la Universidad de Ciencia de la Salud \u00abHugo Ch\u00e1vez Fr\u00edas\u00bb (UCS).<\/p>\n\n\n\n<p>De la cifra total se desprenden 2.199 M\u00e9dicos Integrales Comunitarios (MIC); 177 licenciados en Enfermer\u00eda; 17 licenciados en Imagenolog\u00eda; 65 Licenciados en Fisioterapia y 2 licenciados en Terapia Ocupacional.<\/p>\n\n\n\n<p>En calidad de T\u00e9cnicos Superiores Universitarios (TSU) egresan 641 en Enfermer\u00eda; 200 en Imagenolog\u00eda; 585 en Fisioterapia; 3 Terapia Ocupacional y 5 en Fonoaudiolog\u00eda.<\/p>\n\n\n\n<p>\u201cEstos 3.894 profesionales que han recibido su t\u00edtulo deben recibir su cargo oficial en las instituciones de salud a nivel nacional\u201d, instruy\u00f3 el jefe de Estado.<\/p>\n\n\n\n<p>Asimismo, exhort\u00f3 a \u201cconstruir un poderoso sistema p\u00fablico, universal, integrado, gratuito y de calidad para la salud\u201d que se convierta en el \u201cm\u00e1s solidario, m\u00e1s cient\u00edfico y m\u00e1s eficiente que se haya conocido en Venezuela\u201d.<\/p>\n\n\n\n<p>Acompa\u00f1an al Presidente la primera combatiente y diputada a la Asamblea Nacional (AN), Cilia Flores de Maduro; Gabriela Jim\u00e9nez, vicepresidenta sectorial de Ciencia, Tecnolog\u00eda, Educaci\u00f3n y Salud; Magaly Guti\u00e9rrez, ministra del Poder Popular para la Salud; Tibisay Lucena, ministra del Poder Popular para la Educaci\u00f3n Universitaria y Carlos Alvarado, rector de la Universidad de las Ciencias de la Salud \u201cHugo Ch\u00e1vez Fr\u00edas\u201d.<\/p>\n\n\n\n<p><strong>Prensa Presidencial \/ Eduardo Hueck<\/strong><\/p>\n","protected":false},"excerpt":{"rendered":"<p>Poliedro de Caracas, Caracas.- Desde el Poliedro de Caracas, ubicado en La Rinconada, el presidente de la Rep\u00fablica, Nicol\u00e1s Maduro, encabeza este jueves la graduaci\u00f3n de 3.894 nuevos profesionales de la Universidad de Ciencia de la Salud \u00abHugo Ch\u00e1vez Fr\u00edas\u00bb (UCS). De la cifra total se desprenden 2.199 M\u00e9dicos Integrales Comunitarios (MIC); 177 licenciados en [&hellip;]<\/p>\n","protected":false},"author":6,"featured_media":3033,"comment_status":"open","ping_status":"open","sticky":false,"template":"","format":"standard","meta":{"footnotes":""},"categories":[7],"tags":[],"class_list":["post-2996","post","type-post","status-publish","format-standard","has-post-thumbnail","hentry","category-notas-de-prensa"],"_links":{"self":[{"href":"https:\/\/prensapresidencialvenezuela.gob.ve\/index.php\/wp-json\/wp\/v2\/posts\/2996","targetHints":{"allow":["GET"]}}],"collection":[{"href":"https:\/\/prensapresidencialvenezuela.gob.ve\/index.php\/wp-json\/wp\/v2\/posts"}],"about":[{"href":"https:\/\/prensapresidencialvenezuela.gob.ve\/index.php\/wp-json\/wp\/v2\/types\/post"}],"author":[{"embeddable":true,"href":"https:\/\/prensapresidencialvenezuela.gob.ve\/index.php\/wp-json\/wp\/v2\/users\/6"}],"replies":[{"embeddable":true,"href":"https:\/\/prensapresidencialvenezuela.gob.ve\/index.php\/wp-json\/wp\/v2\/comments?post=2996"}],"version-history":[{"count":1,"href":"https:\/\/prensapresidencialvenezuela.gob.ve\/index.php\/wp-json\/wp\/v2\/posts\/2996\/revisions"}],"predecessor-version":[{"id":3010,"href":"https:\/\/prensapresidencialvenezuela.gob.ve\/index.php\/wp-json\/wp\/v2\/posts\/2996\/revisions\/3010"}],"wp:featuredmedia":[{"embeddable":true,"href":"https:\/\/prensapresidencialvenezuela.gob.ve\/index.php\/wp-json\/wp\/v2\/media\/3033"}],"wp:attachment":[{"href":"https:\/\/prensapresidencialvenezuela.gob.ve\/index.php\/wp-json\/wp\/v2\/media?parent=2996"}],"wp:term":[{"taxonomy":"category","embeddable":true,"href":"https:\/\/prensapresidencialvenezuela.gob.ve\/index.php\/wp-json\/wp\/v2\/categories?post=2996"},{"taxonomy":"post_tag","embeddable":true,"href":"https:\/\/prensapresidencialvenezuela.gob.ve\/index.php\/wp-json\/wp\/v2\/tags?post=2996"}],"curies":[{"name":"wp","href":"https:\/\/api.w.org\/{rel}","templated":true}]}}