{"id":3002,"date":"2022-06-08T07:00:00","date_gmt":"2022-06-08T07:00:00","guid":{"rendered":"http:\/\/172.27.0.121\/?p=3002"},"modified":"2022-07-14T20:29:51","modified_gmt":"2022-07-14T20:29:51","slug":"con-ofrenda-floral-presidente-maduro-rinde-honores-al-padre-de-la-patria-turca-2","status":"publish","type":"post","link":"https:\/\/prensapresidencialvenezuela.gob.ve\/index.php\/2022\/06\/08\/con-ofrenda-floral-presidente-maduro-rinde-honores-al-padre-de-la-patria-turca-2\/","title":{"rendered":"Con ofrenda floral, Presidente Maduro rinde honores al Padre de la Patria turca"},"content":{"rendered":"\n<p><strong>Ankara, Turqu\u00eda.-<\/strong><strong> <\/strong>A las 10:30 de la ma\u00f1ana (Hora de Turqu\u00eda), una escolta militar espera pacientemente a un invitado ilustre: el presidente de la Rep\u00fablica, Nicol\u00e1s Maduro, quien rendir\u00e1 honores al fundador y primer presidente de la Rep\u00fablica de Turqu\u00eda, Mustafa Kemal Atat\u00fcrk, en el Anitkabir que se erige como s\u00edmbolo de la cultura de Ankara.<\/p>\n\n\n\n<p>En compa\u00f1\u00eda de la primera combatiente, Cilia Flores, inicia su tr\u00e1nsito por el Camino de los Leones, cuya entrada est\u00e1 caracterizada por un grupo de esculturas de tres mujeres, dos de las cuales portan ropas tradicionales y coronas que representan la naci\u00f3n f\u00e9rtil.<\/p>\n\n\n\n<p>El sendero de 262 metros de longitud resalta por sus baldosas gris\u00e1ceas, aunque pinceladas por peque\u00f1os brotes de c\u00e9sped verde que asemejan el espacio natural de las 12 parejas de leones hititas que parecieran custodiar el sarc\u00f3fago del l\u00edder de la Guerra de Independencia de Turqu\u00eda.<\/p>\n\n\n\n<p>Los 24 leones, ubicados a derecha e izquierda del Camino de los Leones, simbolizan el poder bajo una perspectiva de unidad e integridad. En tanto, su posici\u00f3n yaciendo en el suelo evoca el pacifismo.<\/p>\n\n\n\n<p>El recorrido del Camino de los Leones culmina. Nicol\u00e1s Maduro avanza a paso firme, con profundo respeto hasta el Terreno Ceremonial, pen\u00faltima parada de la ruta que conduce hasta el Mausoleo, donde protagoniza una ceremonia de colocaci\u00f3n de ofrenda floral frente al sarc\u00f3fago simb\u00f3lico de Atat\u00fcrk.<\/p>\n\n\n\n<p>Los jarrones de lat\u00f3n que rodean el sarc\u00f3fago de m\u00e1rmol rojo, situado en el centro de la habitaci\u00f3n hacia la alquibla (punto del horizonte o lugar de la mezquita hacia donde los musulmanes dirigen la vista cuando rezan), destacan al contener tierras enviadas de todas las ciudades de Turqu\u00eda y de la Rep\u00fablica. Ah\u00ed cobra vida la tradicional afirmaci\u00f3n turca referida a que Atat\u00fcrk duerme en la \u201ctierra de la patria\u201d.<\/p>\n\n\n\n<p>Una vez rendido el homenaje al fundador de la Rep\u00fablica de Turqu\u00eda, Mustafa Kemal Atat\u00fcrk, el jefe de Estado venezolano estamp\u00f3 su r\u00fabrica en el libro de visitantes para dejar constancia del recorrido que sell\u00f3 con su participaci\u00f3n en una parada de honor.<\/p>\n\n\n\n<p>El Anitkabir est\u00e1 cercado por \u00e1rboles y plantas procedentes de 24 pa\u00edses, as\u00ed como de diferentes zonas de Turqu\u00eda en una simbiosis perfecta denominada Parque de la Paz, que materializa la c\u00e9lebre frase de Atat\u00fcrk \u201cPaz en casa, paz en el mundo\u201d.<\/p>\n\n\n\n<p><strong>Prensa Presidencial \/ Karelis Gonz\u00e1lez<\/strong><\/p>\n","protected":false},"excerpt":{"rendered":"<p>Ankara, Turqu\u00eda.- A las 10:30 de la ma\u00f1ana (Hora de Turqu\u00eda), una escolta militar espera pacientemente a un invitado ilustre: el presidente de la Rep\u00fablica, Nicol\u00e1s Maduro, quien rendir\u00e1 honores al fundador y primer presidente de la Rep\u00fablica de Turqu\u00eda, Mustafa Kemal Atat\u00fcrk, en el Anitkabir que se erige como s\u00edmbolo de la cultura de [&hellip;]<\/p>\n","protected":false},"author":6,"featured_media":3003,"comment_status":"open","ping_status":"open","sticky":false,"template":"","format":"standard","meta":{"footnotes":""},"categories":[10],"tags":[],"class_list":["post-3002","post","type-post","status-publish","format-standard","has-post-thumbnail","hentry","category-especiales"],"_links":{"self":[{"href":"https:\/\/prensapresidencialvenezuela.gob.ve\/index.php\/wp-json\/wp\/v2\/posts\/3002","targetHints":{"allow":["GET"]}}],"collection":[{"href":"https:\/\/prensapresidencialvenezuela.gob.ve\/index.php\/wp-json\/wp\/v2\/posts"}],"about":[{"href":"https:\/\/prensapresidencialvenezuela.gob.ve\/index.php\/wp-json\/wp\/v2\/types\/post"}],"author":[{"embeddable":true,"href":"https:\/\/prensapresidencialvenezuela.gob.ve\/index.php\/wp-json\/wp\/v2\/users\/6"}],"replies":[{"embeddable":true,"href":"https:\/\/prensapresidencialvenezuela.gob.ve\/index.php\/wp-json\/wp\/v2\/comments?post=3002"}],"version-history":[{"count":1,"href":"https:\/\/prensapresidencialvenezuela.gob.ve\/index.php\/wp-json\/wp\/v2\/posts\/3002\/revisions"}],"predecessor-version":[{"id":3004,"href":"https:\/\/prensapresidencialvenezuela.gob.ve\/index.php\/wp-json\/wp\/v2\/posts\/3002\/revisions\/3004"}],"wp:featuredmedia":[{"embeddable":true,"href":"https:\/\/prensapresidencialvenezuela.gob.ve\/index.php\/wp-json\/wp\/v2\/media\/3003"}],"wp:attachment":[{"href":"https:\/\/prensapresidencialvenezuela.gob.ve\/index.php\/wp-json\/wp\/v2\/media?parent=3002"}],"wp:term":[{"taxonomy":"category","embeddable":true,"href":"https:\/\/prensapresidencialvenezuela.gob.ve\/index.php\/wp-json\/wp\/v2\/categories?post=3002"},{"taxonomy":"post_tag","embeddable":true,"href":"https:\/\/prensapresidencialvenezuela.gob.ve\/index.php\/wp-json\/wp\/v2\/tags?post=3002"}],"curies":[{"name":"wp","href":"https:\/\/api.w.org\/{rel}","templated":true}]}}