{"id":3009,"date":"2022-06-10T09:00:00","date_gmt":"2022-06-10T09:00:00","guid":{"rendered":"http:\/\/172.27.0.121\/?p=3009"},"modified":"2022-07-14T21:05:43","modified_gmt":"2022-07-14T21:05:43","slug":"iran-entre-su-diversidad-etnica-y-potencial-energetico","status":"publish","type":"post","link":"https:\/\/prensapresidencialvenezuela.gob.ve\/index.php\/2022\/06\/10\/iran-entre-su-diversidad-etnica-y-potencial-energetico\/","title":{"rendered":"Ir\u00e1n entre su diversidad \u00e9tnica y potencial energ\u00e9tico"},"content":{"rendered":"\n<p><strong>Teher\u00e1n, Rep\u00fablica Isl\u00e1mica de Ir\u00e1n. \u2013<\/strong> Con una poblaci\u00f3n de m\u00e1s de 80 millones de personas de diversas etnias, la Rep\u00fablica Isl\u00e1mica de Ir\u00e1n lleva este nombre debido a su forma de gobierno republicano y a que tiene al islam como base de sus leyes y sociedad, mientras que Ir\u00e1n es un nombre muy reciente que significa \u201ctierra de los Arios\u201d, que es un nombre con el cual se designa a las etnias de los habitantes de este pa\u00eds.<\/p>\n\n\n\n<p>Contrario a lo que se suele creer, Ir\u00e1n no es solo un pa\u00eds \u00fanicamente persa, pues se extiende entre tantas regiones geogr\u00e1ficas que alberga en su territorio a una gran cantidad de pueblos y etnias compuesta por persas (el grupo \u00e9tnico principal), azer\u00edes, kurdos, luros, turcomanos y balochis, entre otros, forma parte intr\u00ednseca de su cultura y ha proporcionado un atractivo especial a este amplio territorio. Los \u00e1rabes son una peque\u00f1a minor\u00eda en Ir\u00e1n (alrededor del 1%).<\/p>\n\n\n\n<p>Ocupa el puesto n\u00famero 17 como los pa\u00edses m\u00e1s grandes del mundo con 1 648 195 km\u00b2 con una importancia significativa en la geopol\u00edtica al encontrarse entre Oriente Pr\u00f3ximo, Asia Central y Asia del Sur.Este pa\u00eds, socio estrat\u00e9gico de Venezuela, es de Oriente Pr\u00f3ximo y Asia Occidental, y se define como una rep\u00fablica constitucional basada en los principios del islam chi\u00ed.<\/p>\n\n\n\n<p>Limita con Pakist\u00e1n y Afganist\u00e1n por el este; Turkmenist\u00e1n por el noreste; el mar Caspio por el norte; Azerbaiy\u00e1n y Armenia por el noroeste; Turqu\u00eda e Irak (Regi\u00f3n de Kurdist\u00e1n) por el oeste y, finalmente, con la costa del golfo P\u00e9rsico y el golfo de Om\u00e1n por el sur.Su capital es Teher\u00e1n, centro pol\u00edtico, industrial, comercial y cultural del pa\u00eds. La naci\u00f3n persa es una potencia regional al que sus grandes reservas de hidrocarburos (cuartas reservas de petr\u00f3leo y primeras de gas a nivel mundial) confieren una situaci\u00f3n de superpotencia energ\u00e9tica en potencia y le reportan desde hace d\u00e9cadas una sustancial renta petrolera.<\/p>\n\n\n\n<p>En Ir\u00e1n, la monarqu\u00eda lleg\u00f3 a su fin en 1979, mediante una revoluci\u00f3n popular que deriv\u00f3 en una revoluci\u00f3n isl\u00e1mica, al terminar siendo liderada por chiitas, dirigidos por Jomeini, lo que dio lugar al establecimiento de una rep\u00fablica isl\u00e1mica el 1 de abril de 1979.<\/p>\n\n\n\n<p>Es miembro fundador de Naciones Unidas, Movimiento de Pa\u00edses No Alineados, Organizaci\u00f3n para la Cooperaci\u00f3n Isl\u00e1mica y la Organizaci\u00f3n de Pa\u00edses Exportadores de Petr\u00f3leo (OPEP).<\/p>\n\n\n\n<p>El sistema pol\u00edtico de Ir\u00e1n est\u00e1 basado en la Constituci\u00f3n de la Rep\u00fablica Isl\u00e1mica de 1979, que regula las relaciones entre los distintos \u00f3rganos de gobierno.<\/p>\n\n\n\n<p>La m\u00e1xima autoridad estatal es el L\u00edder Supremo de Ir\u00e1n, aunque la direcci\u00f3n cotidiana de la administraci\u00f3n corre a cargo del presidente. La religi\u00f3n y la lengua oficiales del pa\u00eds son, respectivamente, el islam ch\u00edi duodecimano y el persa.<\/p>\n\n\n\n<p><strong>Prensa Presidencial \/ Ana\u00eds P\u00e9rez<\/strong><\/p>\n","protected":false},"excerpt":{"rendered":"<p>Teher\u00e1n, Rep\u00fablica Isl\u00e1mica de Ir\u00e1n. \u2013 Con una poblaci\u00f3n de m\u00e1s de 80 millones de personas de diversas etnias, la Rep\u00fablica Isl\u00e1mica de Ir\u00e1n lleva este nombre debido a su forma de gobierno republicano y a que tiene al islam como base de sus leyes y sociedad, mientras que Ir\u00e1n es un nombre muy reciente [&hellip;]<\/p>\n","protected":false},"author":6,"featured_media":3011,"comment_status":"open","ping_status":"open","sticky":false,"template":"","format":"standard","meta":{"footnotes":""},"categories":[10],"tags":[],"class_list":["post-3009","post","type-post","status-publish","format-standard","has-post-thumbnail","hentry","category-especiales"],"_links":{"self":[{"href":"https:\/\/prensapresidencialvenezuela.gob.ve\/index.php\/wp-json\/wp\/v2\/posts\/3009","targetHints":{"allow":["GET"]}}],"collection":[{"href":"https:\/\/prensapresidencialvenezuela.gob.ve\/index.php\/wp-json\/wp\/v2\/posts"}],"about":[{"href":"https:\/\/prensapresidencialvenezuela.gob.ve\/index.php\/wp-json\/wp\/v2\/types\/post"}],"author":[{"embeddable":true,"href":"https:\/\/prensapresidencialvenezuela.gob.ve\/index.php\/wp-json\/wp\/v2\/users\/6"}],"replies":[{"embeddable":true,"href":"https:\/\/prensapresidencialvenezuela.gob.ve\/index.php\/wp-json\/wp\/v2\/comments?post=3009"}],"version-history":[{"count":1,"href":"https:\/\/prensapresidencialvenezuela.gob.ve\/index.php\/wp-json\/wp\/v2\/posts\/3009\/revisions"}],"predecessor-version":[{"id":3012,"href":"https:\/\/prensapresidencialvenezuela.gob.ve\/index.php\/wp-json\/wp\/v2\/posts\/3009\/revisions\/3012"}],"wp:featuredmedia":[{"embeddable":true,"href":"https:\/\/prensapresidencialvenezuela.gob.ve\/index.php\/wp-json\/wp\/v2\/media\/3011"}],"wp:attachment":[{"href":"https:\/\/prensapresidencialvenezuela.gob.ve\/index.php\/wp-json\/wp\/v2\/media?parent=3009"}],"wp:term":[{"taxonomy":"category","embeddable":true,"href":"https:\/\/prensapresidencialvenezuela.gob.ve\/index.php\/wp-json\/wp\/v2\/categories?post=3009"},{"taxonomy":"post_tag","embeddable":true,"href":"https:\/\/prensapresidencialvenezuela.gob.ve\/index.php\/wp-json\/wp\/v2\/tags?post=3009"}],"curies":[{"name":"wp","href":"https:\/\/api.w.org\/{rel}","templated":true}]}}