{"id":30229,"date":"2025-12-09T15:05:47","date_gmt":"2025-12-09T19:05:47","guid":{"rendered":"https:\/\/prensapresidencialvenezuela.gob.ve\/?p=30229"},"modified":"2025-12-09T15:05:47","modified_gmt":"2025-12-09T19:05:47","slug":"convocada-gran-fiesta-nacional-tras-la-declaracion-del-joropo-como-patrimonio-cultural-inmaterial-de-la-unesco","status":"publish","type":"post","link":"https:\/\/prensapresidencialvenezuela.gob.ve\/index.php\/2025\/12\/09\/convocada-gran-fiesta-nacional-tras-la-declaracion-del-joropo-como-patrimonio-cultural-inmaterial-de-la-unesco\/","title":{"rendered":"Convocada gran fiesta nacional tras la declaraci\u00f3n del joropo como Patrimonio Cultural Inmaterial de la Unesco"},"content":{"rendered":"\n<p><strong>Caracas, Venezuela. <\/strong>&#8211; El Gobierno Bolivariano de Venezuela anunci\u00f3 que la declaraci\u00f3n del Joropo como Patrimonio Cultural Inmaterial de la Humanidad, por parte de la Organizaci\u00f3n de las Naciones Unidas para la Educaci\u00f3n, la Ciencia y la Cultura (UNESCO, por sus siglas en ingl\u00e9s), debe ser motivo de una gran fiesta nacional, tras convertirse en la decimoprimera manifestaci\u00f3n cultural del pa\u00eds en obtener este reconocimiento.<\/p>\n\n\n\n<p>El ministro del Poder Popular para la Cultura, Ernesto Villegas Poljak, a trav\u00e9s de un contacto telef\u00f3nico transmitido por el canal Venezuela de Televisi\u00f3n, y en el que intercambi\u00f3 impresiones con el presidente de la Rep\u00fablica Bolivariana de Venezuela, Nicol\u00e1s Maduro; resalt\u00f3 que el motivo de este llamado es celebrar este logro cultural, que eleva la identidad venezolana ante el mundo.<\/p>\n\n\n\n<p>\u00abEstamos llamando a todos los cultores, artistas y creadores de todas las disciplinas art\u00edsticas y a nuestro pueblo en general a hacer de esta declaratoria una fiesta nacional porque en el joropo vamos todos,\u00bb enfatiz\u00f3 el Ministro.<\/p>\n\n\n\n<p>Destac\u00f3 que la esencia del joropo abarca todas las expresiones art\u00edsticas y culturales de la naci\u00f3n: \u00abVan las artes circenses, va el teatro, va la poes\u00eda, la literatura, la escultura, van todas las expresiones del arte y la cultura porque el joropo es Venezuela\u00bb.<\/p>\n\n\n\n<p>Igualmente, record\u00f3 el largo camino que el Gobierno Bolivariano ha emprendido para lograr este hito. \u00abEste proceso inici\u00f3 el comandante Ch\u00e1vez en el a\u00f1o 2012 con la declaratoria de los Diablos Danzantes de Venezuela, y luego ha sumado otras 10 manifestaciones hasta esta, que es la n\u00famero 11\u00bb, detall\u00f3.<\/p>\n\n\n\n<h2 class=\"wp-block-heading\"><strong>Celebraci\u00f3n con los Cultores<\/strong><\/h2>\n\n\n\n<p>Para dar inicio a esta celebraci\u00f3n, el ministro anunci\u00f3 la convocatoria de joroperos y joroperas, en el Cuartel San Carlos, bautizado como la Casa de la Cultura y la Libertad Al\u00ed Primera, para festejar la noticia a partir de hoy.<\/p>\n\n\n\n<p>Por su parte, el presidente Maduro se uni\u00f3 a la celebraci\u00f3n exaltando al joropo con<\/p>\n\n\n\n<p>su diversidad de estilos (llanero, tuyero, oriental, etc.) y su arraigo en todo el territorio nacional, desde Los Llanos hasta Carabobo y Caracas, consolid\u00e1ndolo como un s\u00edmbolo de la identidad y la resistencia cultural de Venezuela.<\/p>\n\n\n\n<p><strong>Prensa Presidencial \/ Iliana Rosales<\/strong><\/p>\n\n\n\n<p><\/p>\n","protected":false},"excerpt":{"rendered":"<p>Caracas, Venezuela. &#8211; El Gobierno Bolivariano de Venezuela anunci\u00f3 que la declaraci\u00f3n del Joropo como Patrimonio Cultural Inmaterial de la Humanidad, por parte de la Organizaci\u00f3n de las Naciones Unidas para la Educaci\u00f3n, la Ciencia y la Cultura (UNESCO, por sus siglas en ingl\u00e9s), debe ser motivo de una gran fiesta nacional, tras convertirse en [&hellip;]<\/p>\n","protected":false},"author":19,"featured_media":30230,"comment_status":"open","ping_status":"open","sticky":false,"template":"","format":"standard","meta":{"footnotes":""},"categories":[18,7],"tags":[1838,19,1839,1129,20],"class_list":["post-30229","post","type-post","status-publish","format-standard","has-post-thumbnail","hentry","category-noticias-principales","category-notas-de-prensa","tag-ernesto-villegas","tag-nicolas-maduro","tag-patrimonio-cultural-inmaterial-de-la-humanidad","tag-unesco","tag-venezuela"],"_links":{"self":[{"href":"https:\/\/prensapresidencialvenezuela.gob.ve\/index.php\/wp-json\/wp\/v2\/posts\/30229","targetHints":{"allow":["GET"]}}],"collection":[{"href":"https:\/\/prensapresidencialvenezuela.gob.ve\/index.php\/wp-json\/wp\/v2\/posts"}],"about":[{"href":"https:\/\/prensapresidencialvenezuela.gob.ve\/index.php\/wp-json\/wp\/v2\/types\/post"}],"author":[{"embeddable":true,"href":"https:\/\/prensapresidencialvenezuela.gob.ve\/index.php\/wp-json\/wp\/v2\/users\/19"}],"replies":[{"embeddable":true,"href":"https:\/\/prensapresidencialvenezuela.gob.ve\/index.php\/wp-json\/wp\/v2\/comments?post=30229"}],"version-history":[{"count":1,"href":"https:\/\/prensapresidencialvenezuela.gob.ve\/index.php\/wp-json\/wp\/v2\/posts\/30229\/revisions"}],"predecessor-version":[{"id":30233,"href":"https:\/\/prensapresidencialvenezuela.gob.ve\/index.php\/wp-json\/wp\/v2\/posts\/30229\/revisions\/30233"}],"wp:featuredmedia":[{"embeddable":true,"href":"https:\/\/prensapresidencialvenezuela.gob.ve\/index.php\/wp-json\/wp\/v2\/media\/30230"}],"wp:attachment":[{"href":"https:\/\/prensapresidencialvenezuela.gob.ve\/index.php\/wp-json\/wp\/v2\/media?parent=30229"}],"wp:term":[{"taxonomy":"category","embeddable":true,"href":"https:\/\/prensapresidencialvenezuela.gob.ve\/index.php\/wp-json\/wp\/v2\/categories?post=30229"},{"taxonomy":"post_tag","embeddable":true,"href":"https:\/\/prensapresidencialvenezuela.gob.ve\/index.php\/wp-json\/wp\/v2\/tags?post=30229"}],"curies":[{"name":"wp","href":"https:\/\/api.w.org\/{rel}","templated":true}]}}