{"id":30235,"date":"2025-12-09T15:12:30","date_gmt":"2025-12-09T19:12:30","guid":{"rendered":"https:\/\/prensapresidencialvenezuela.gob.ve\/?p=30235"},"modified":"2025-12-09T15:17:26","modified_gmt":"2025-12-09T19:17:26","slug":"venezuela-postulara-la-hallaca-como-patrimonio-cultural-inmaterial-de-la-humanidad-ante-la-unesco","status":"publish","type":"post","link":"https:\/\/prensapresidencialvenezuela.gob.ve\/index.php\/2025\/12\/09\/venezuela-postulara-la-hallaca-como-patrimonio-cultural-inmaterial-de-la-humanidad-ante-la-unesco\/","title":{"rendered":"Venezuela postular\u00e1 la hallaca como Patrimonio Cultural Inmaterial de la Humanidad ante la UNESCO"},"content":{"rendered":"\n<p><strong>Caracas, Venezuela.<\/strong>\u2013 Tras la reciente declaraci\u00f3n del joropo como Patrimonio Cultural Inmaterial de la Humanidad, el Gobierno Bolivariano de Venezuela anunci\u00f3 que el pr\u00f3ximo expediente de postulaci\u00f3n ante la Organizaci\u00f3n de las Naciones Unidas para la Educaci\u00f3n, la Ciencia y la Cultura (UNESCO, por sus siglas en ingl\u00e9s), ser\u00e1 el de la hallaca<\/p>\n\n\n\n<p>A los fines de sumar todos los esfuerzos del pa\u00eds en el rescate y la exaltaci\u00f3n de sus tradiciones culturales y gastron\u00f3micas, el ministro del Poder Popular para la Cultura, Ernesto Villegas Poljak, confirm\u00f3 que se trabaja en el expediente de la hallaca por instrucciones del Ejecutivo Nacional.<\/p>\n\n\n\n<p>En un intercambio de impresiones con el presidente de la Rep\u00fablica Bolivariana de Venezuela, Nicol\u00e1s Maduro, a trav\u00e9s de un contacto telef\u00f3nico transmitido por el canal Venezolana de Televisi\u00f3n, recibi\u00f3 una sentida felicitaci\u00f3n por el importante papel que ha jugado la Gran Misi\u00f3n Viva Venezuela en el trabajo de enaltecer las tradiciones.<\/p>\n\n\n\n<p>En tal sentido, el Mandatario Nacional enfatiz\u00f3 que la perseverancia en el camino de la identidad es crucial, especialmente para contrarrestar las campa\u00f1as internacionales que buscan atacar la venezolanidad.<\/p>\n\n\n\n<p>Asimismo, describi\u00f3 al pueblo de Venezuela como \u00abnoble, especial, bendecido, amoroso, con una identidad, una cultura verdaderamente impresionante y una historia de patriotismo, una historia libertaria, independentista, ejemplar\u00bb.<\/p>\n\n\n\n<h2 class=\"wp-block-heading\">La Revoluci\u00f3n cultural<\/h2>\n\n\n\n<p>El anuncio de las nuevas postulaciones se da en el contexto de la celebraci\u00f3n del Joropo como el und\u00e9cimo patrimonio cultural de la naci\u00f3n. \u201cEsta es la Venezuela de verdad. La Venezuela que canta su propia canci\u00f3n, que baila su propio ritmo (\u2026) jam\u00e1s bailaremos, jam\u00e1s, al ritmo de ning\u00fan imperio extranjero. Seguiremos bailando joropo, como en Carabobo, como en Ayacucho\u201d, dijo el Jefe de Estado.<\/p>\n\n\n\n<p>Por otro lado, destac\u00f3 que, para que una Revoluci\u00f3n sea verdadera, debe ser una gran Revoluci\u00f3n cultural como la iniciada por el Comandante Ch\u00e1vez.<\/p>\n\n\n\n<h3 class=\"wp-block-heading\">Conmemoraci\u00f3n de la Batalla de Santa In\u00e9s<\/h3>\n\n\n\n<p>En el marco de esta celebraci\u00f3n cultural, el Presidente Maduro invit\u00f3 ma\u00f1ana 10 de diciembre a la movilizaci\u00f3n nacional por la conmemoraci\u00f3n de la Batalla de Santa In\u00e9s de 1859, dirigida por Ezequiel Zamora.<br>\u00abMa\u00f1ana me dicen que hay inmensas movilizaciones en todo el pa\u00eds, pero que los campesinos, campesinas, pescadores, pescadoras, cultores, joroperos y joroperas toman toda la ciudad de Caracas en marcha para decirle al general del pueblo soberano Ezequiel Zamora, est\u00e1s con nosotros\u00bb, sostuvo.<\/p>\n\n\n\n<p><strong>Prensa Presidencial \/ Iliana Rosales<\/strong><\/p>\n\n\n\n<p><\/p>\n","protected":false},"excerpt":{"rendered":"<p>Caracas, Venezuela.\u2013 Tras la reciente declaraci\u00f3n del joropo como Patrimonio Cultural Inmaterial de la Humanidad, el Gobierno Bolivariano de Venezuela anunci\u00f3 que el pr\u00f3ximo expediente de postulaci\u00f3n ante la Organizaci\u00f3n de las Naciones Unidas para la Educaci\u00f3n, la Ciencia y la Cultura (UNESCO, por sus siglas en ingl\u00e9s), ser\u00e1 el de la hallaca A los [&hellip;]<\/p>\n","protected":false},"author":19,"featured_media":30236,"comment_status":"open","ping_status":"open","sticky":false,"template":"","format":"standard","meta":{"footnotes":""},"categories":[18,7],"tags":[],"class_list":["post-30235","post","type-post","status-publish","format-standard","has-post-thumbnail","hentry","category-noticias-principales","category-notas-de-prensa"],"_links":{"self":[{"href":"https:\/\/prensapresidencialvenezuela.gob.ve\/index.php\/wp-json\/wp\/v2\/posts\/30235","targetHints":{"allow":["GET"]}}],"collection":[{"href":"https:\/\/prensapresidencialvenezuela.gob.ve\/index.php\/wp-json\/wp\/v2\/posts"}],"about":[{"href":"https:\/\/prensapresidencialvenezuela.gob.ve\/index.php\/wp-json\/wp\/v2\/types\/post"}],"author":[{"embeddable":true,"href":"https:\/\/prensapresidencialvenezuela.gob.ve\/index.php\/wp-json\/wp\/v2\/users\/19"}],"replies":[{"embeddable":true,"href":"https:\/\/prensapresidencialvenezuela.gob.ve\/index.php\/wp-json\/wp\/v2\/comments?post=30235"}],"version-history":[{"count":4,"href":"https:\/\/prensapresidencialvenezuela.gob.ve\/index.php\/wp-json\/wp\/v2\/posts\/30235\/revisions"}],"predecessor-version":[{"id":30243,"href":"https:\/\/prensapresidencialvenezuela.gob.ve\/index.php\/wp-json\/wp\/v2\/posts\/30235\/revisions\/30243"}],"wp:featuredmedia":[{"embeddable":true,"href":"https:\/\/prensapresidencialvenezuela.gob.ve\/index.php\/wp-json\/wp\/v2\/media\/30236"}],"wp:attachment":[{"href":"https:\/\/prensapresidencialvenezuela.gob.ve\/index.php\/wp-json\/wp\/v2\/media?parent=30235"}],"wp:term":[{"taxonomy":"category","embeddable":true,"href":"https:\/\/prensapresidencialvenezuela.gob.ve\/index.php\/wp-json\/wp\/v2\/categories?post=30235"},{"taxonomy":"post_tag","embeddable":true,"href":"https:\/\/prensapresidencialvenezuela.gob.ve\/index.php\/wp-json\/wp\/v2\/tags?post=30235"}],"curies":[{"name":"wp","href":"https:\/\/api.w.org\/{rel}","templated":true}]}}