{"id":30297,"date":"2025-12-09T19:10:11","date_gmt":"2025-12-09T23:10:11","guid":{"rendered":"https:\/\/prensapresidencialvenezuela.gob.ve\/?p=30297"},"modified":"2025-12-09T19:10:12","modified_gmt":"2025-12-09T23:10:12","slug":"delcy-rodriguez-no-hay-un-solo-espacio-productivo-en-venezuela-sin-crecimiento","status":"publish","type":"post","link":"https:\/\/prensapresidencialvenezuela.gob.ve\/index.php\/2025\/12\/09\/delcy-rodriguez-no-hay-un-solo-espacio-productivo-en-venezuela-sin-crecimiento\/","title":{"rendered":"Delcy Rodr\u00edguez: No hay un solo espacio productivo en Venezuela sin crecimiento"},"content":{"rendered":"\n<p>Caracas, Venezuela.- La vicepresidenta ejecutiva de la Rep\u00fablica Bolivariana de Venezuela, Delcy Rodr\u00edguez, asegur\u00f3 este martes que \u00abno hay un solo espacio productivo en Venezuela que no est\u00e9 reflejando hoy crecimiento\u00bb, al hacer un balance positivo del a\u00f1o econ\u00f3mico y resaltar los esfuerzos de diversificaci\u00f3n productiva que han permitido superar los efectos bloqueo econ\u00f3mico criminal y hacer frente a la constantes amenazas de agresi\u00f3n imperial en el Caribe.<\/p>\n\n\n\n<p>Durante una sesi\u00f3n del Consejo Nacional de Econom\u00eda Productiva, que se encuentra encabezada por el presidente de la Rep\u00fablica Bolivariana de Venezuela, Nicol\u00e1s Maduro Moros; Rodr\u00edguez felicit\u00f3 a los empresarios y trabajadores por lo que describi\u00f3 como un \u00abgran esfuerzo de cohesi\u00f3n y de uni\u00f3n nacional\u00bb, un aspecto que ha sido clave para afrontar los da\u00f1os generados por la guerra multiforme a la que ha sido sometido el pa\u00eds por agentes extraterritoriales.<\/p>\n\n\n\n<p>A prop\u00f3sito de la inscripci\u00f3n del joropo en la lista de Patrimonios Culturales Inmateriales de la Humanidad ante la UNESCO, dijo: \u201cAqu\u00ed hay un gran patrimonio de la humanidad, que son los venezolanos y las venezolanas de bien, que con esfuerzo han superado los peores momentos del bloqueo econ\u00f3mico y que con gran sacrificio, junto a los trabajadores y las trabajadoras del pa\u00eds, a los movimientos sociales, han hecho de la uni\u00f3n productiva nacional un verdadero desenlace positivo para nuestra patria, que tiene a Venezuela liderando en distintos espacios con su crecimiento econ\u00f3mico\u201d.<\/p>\n\n\n\n<p>Finalmente, la Vicepresidenta Ejecutiva mencion\u00f3 que el Consejo Nacional de Econom\u00eda cierra el a\u00f1o con un saldo positivo. \u201cUn cierre de a\u00f1o donde Venezuela le puede decir al mundo aqu\u00ed estamos los venezolanos y las venezolanas que queremos a nuestra patria, aqu\u00ed estamos los venezolanos y las venezolanas que seguimos apostando por el futuro de Venezuela, que con gran esperanza apostamos a lo mejor al bienestar de nuestros hijos y nuestras hijas\u201d, sostuvo.<\/p>\n\n\n\n<p><strong>Prensa Presidencial\/ Iliana Rosales<\/strong><\/p>\n","protected":false},"excerpt":{"rendered":"<p>Caracas, Venezuela.- La vicepresidenta ejecutiva de la Rep\u00fablica Bolivariana de Venezuela, Delcy Rodr\u00edguez, asegur\u00f3 este martes que \u00abno hay un solo espacio productivo en Venezuela que no est\u00e9 reflejando hoy crecimiento\u00bb, al hacer un balance positivo del a\u00f1o econ\u00f3mico y resaltar los esfuerzos de diversificaci\u00f3n productiva que han permitido superar los efectos bloqueo econ\u00f3mico criminal [&hellip;]<\/p>\n","protected":false},"author":19,"featured_media":30300,"comment_status":"open","ping_status":"open","sticky":false,"template":"","format":"standard","meta":{"footnotes":""},"categories":[18,7],"tags":[1841,122,19,1129,20],"class_list":["post-30297","post","type-post","status-publish","format-standard","has-post-thumbnail","hentry","category-noticias-principales","category-notas-de-prensa","tag-consejo-nacional-de-economia-productiva","tag-delcy-rodriguez","tag-nicolas-maduro","tag-unesco","tag-venezuela"],"_links":{"self":[{"href":"https:\/\/prensapresidencialvenezuela.gob.ve\/index.php\/wp-json\/wp\/v2\/posts\/30297","targetHints":{"allow":["GET"]}}],"collection":[{"href":"https:\/\/prensapresidencialvenezuela.gob.ve\/index.php\/wp-json\/wp\/v2\/posts"}],"about":[{"href":"https:\/\/prensapresidencialvenezuela.gob.ve\/index.php\/wp-json\/wp\/v2\/types\/post"}],"author":[{"embeddable":true,"href":"https:\/\/prensapresidencialvenezuela.gob.ve\/index.php\/wp-json\/wp\/v2\/users\/19"}],"replies":[{"embeddable":true,"href":"https:\/\/prensapresidencialvenezuela.gob.ve\/index.php\/wp-json\/wp\/v2\/comments?post=30297"}],"version-history":[{"count":1,"href":"https:\/\/prensapresidencialvenezuela.gob.ve\/index.php\/wp-json\/wp\/v2\/posts\/30297\/revisions"}],"predecessor-version":[{"id":30301,"href":"https:\/\/prensapresidencialvenezuela.gob.ve\/index.php\/wp-json\/wp\/v2\/posts\/30297\/revisions\/30301"}],"wp:featuredmedia":[{"embeddable":true,"href":"https:\/\/prensapresidencialvenezuela.gob.ve\/index.php\/wp-json\/wp\/v2\/media\/30300"}],"wp:attachment":[{"href":"https:\/\/prensapresidencialvenezuela.gob.ve\/index.php\/wp-json\/wp\/v2\/media?parent=30297"}],"wp:term":[{"taxonomy":"category","embeddable":true,"href":"https:\/\/prensapresidencialvenezuela.gob.ve\/index.php\/wp-json\/wp\/v2\/categories?post=30297"},{"taxonomy":"post_tag","embeddable":true,"href":"https:\/\/prensapresidencialvenezuela.gob.ve\/index.php\/wp-json\/wp\/v2\/tags?post=30297"}],"curies":[{"name":"wp","href":"https:\/\/api.w.org\/{rel}","templated":true}]}}