{"id":30304,"date":"2025-12-09T19:13:04","date_gmt":"2025-12-09T23:13:04","guid":{"rendered":"https:\/\/prensapresidencialvenezuela.gob.ve\/?p=30304"},"modified":"2025-12-09T19:13:05","modified_gmt":"2025-12-09T23:13:05","slug":"presidente-maduro-el-consejo-nacional-de-economia-apunta-a-convertir-a-venezuela-en-un-eje-exportador-multidiverso","status":"publish","type":"post","link":"https:\/\/prensapresidencialvenezuela.gob.ve\/index.php\/2025\/12\/09\/presidente-maduro-el-consejo-nacional-de-economia-apunta-a-convertir-a-venezuela-en-un-eje-exportador-multidiverso\/","title":{"rendered":"Presidente Maduro: El Consejo Nacional de Econom\u00eda apunta a convertir a Venezuela en un eje exportador multidiverso"},"content":{"rendered":"\n<p>Caracas, Venezuela.- El presidente de la Rep\u00fablica Bolivariana de Venezuela, Nicol\u00e1s Maduro, afirm\u00f3 este martes que el Consejo Nacional de Econom\u00eda Productiva ha sido un instrumento de consenso nacional que ha permitido el crecimiento de la nueva econom\u00eda del pa\u00eds y que convertir\u00e1 a la naci\u00f3n en un eje exportador multidiverso en los pr\u00f3ximos a\u00f1os.<\/p>\n\n\n\n<p>Las declaraciones fueron ofrecidas durante un encuentro con empresarios, en el que estuvo acompa\u00f1ado por la vicepresidenta ejecutiva de la Rep\u00fablica, Delcy Rodr\u00edguez, adem\u00e1s de la primera dama, Cilia Flores. En la cita, el Mandatario Nacional subray\u00f3 que, gracias al esfuerzo nacional y al consenso generado en el Consejo, la econom\u00eda venezolana \u00abya resuelve, satisface y abastece las necesidades nacionales\u00bb.<\/p>\n\n\n\n<p>Tambi\u00e9n, destac\u00f3 la confluencia de este espacio econ\u00f3mico con el Consejo Nacional por la Paz y la Soberan\u00eda, presidido por el diputado y Presidente de la Asamblea Nacional (AN), Jorge Rodr\u00edguez, se\u00f1alando que \u00abse unen, como dos buenos r\u00edos en un solo torrente\u00bb, para que los venezolanos sigan encontrando puntos de consenso y lleven adelante acciones que permitan al pa\u00eds gozar de un clima de paz, entendimiento, crecimiento y prosperidad.<\/p>\n\n\n\n<p>\u00abLa Venezuela del entendimiento y del consenso. Caminos comunes que siempre hay que encontrar. Caminos aut\u00f3nomos, soberanos, que siempre hay que construir,\u00bb asever\u00f3.<\/p>\n\n\n\n<p><strong>La Batalla de Ayacucho<\/strong><\/p>\n\n\n\n<p>En el marco del encuentro, el Mandatario Nacional aprovech\u00f3 la fecha para conmemorar los 201 a\u00f1os de la Batalla de Ayacucho y la figura del Gran Mariscal Antonio Jos\u00e9 de Sucre, victoria que hace dos siglos signific\u00f3 un punto definitivo de ruptura con el colonialismo, la dependencia y la dominaci\u00f3n. Resalt\u00f3 la epopeya de los Libertadores y la importancia de ese hito para la emancipaci\u00f3n de los Pueblos de Am\u00e9rica.<\/p>\n\n\n\n<p><strong>Prensa Presidencial \/ Iliana Rosales<\/strong><\/p>\n","protected":false},"excerpt":{"rendered":"<p>Caracas, Venezuela.- El presidente de la Rep\u00fablica Bolivariana de Venezuela, Nicol\u00e1s Maduro, afirm\u00f3 este martes que el Consejo Nacional de Econom\u00eda Productiva ha sido un instrumento de consenso nacional que ha permitido el crecimiento de la nueva econom\u00eda del pa\u00eds y que convertir\u00e1 a la naci\u00f3n en un eje exportador multidiverso en los pr\u00f3ximos a\u00f1os. [&hellip;]<\/p>\n","protected":false},"author":19,"featured_media":30306,"comment_status":"open","ping_status":"open","sticky":false,"template":"","format":"standard","meta":{"footnotes":""},"categories":[18,7],"tags":[1843,19,20],"class_list":["post-30304","post","type-post","status-publish","format-standard","has-post-thumbnail","hentry","category-noticias-principales","category-notas-de-prensa","tag-consejo-nacional-de-economia","tag-nicolas-maduro","tag-venezuela"],"_links":{"self":[{"href":"https:\/\/prensapresidencialvenezuela.gob.ve\/index.php\/wp-json\/wp\/v2\/posts\/30304","targetHints":{"allow":["GET"]}}],"collection":[{"href":"https:\/\/prensapresidencialvenezuela.gob.ve\/index.php\/wp-json\/wp\/v2\/posts"}],"about":[{"href":"https:\/\/prensapresidencialvenezuela.gob.ve\/index.php\/wp-json\/wp\/v2\/types\/post"}],"author":[{"embeddable":true,"href":"https:\/\/prensapresidencialvenezuela.gob.ve\/index.php\/wp-json\/wp\/v2\/users\/19"}],"replies":[{"embeddable":true,"href":"https:\/\/prensapresidencialvenezuela.gob.ve\/index.php\/wp-json\/wp\/v2\/comments?post=30304"}],"version-history":[{"count":1,"href":"https:\/\/prensapresidencialvenezuela.gob.ve\/index.php\/wp-json\/wp\/v2\/posts\/30304\/revisions"}],"predecessor-version":[{"id":30307,"href":"https:\/\/prensapresidencialvenezuela.gob.ve\/index.php\/wp-json\/wp\/v2\/posts\/30304\/revisions\/30307"}],"wp:featuredmedia":[{"embeddable":true,"href":"https:\/\/prensapresidencialvenezuela.gob.ve\/index.php\/wp-json\/wp\/v2\/media\/30306"}],"wp:attachment":[{"href":"https:\/\/prensapresidencialvenezuela.gob.ve\/index.php\/wp-json\/wp\/v2\/media?parent=30304"}],"wp:term":[{"taxonomy":"category","embeddable":true,"href":"https:\/\/prensapresidencialvenezuela.gob.ve\/index.php\/wp-json\/wp\/v2\/categories?post=30304"},{"taxonomy":"post_tag","embeddable":true,"href":"https:\/\/prensapresidencialvenezuela.gob.ve\/index.php\/wp-json\/wp\/v2\/tags?post=30304"}],"curies":[{"name":"wp","href":"https:\/\/api.w.org\/{rel}","templated":true}]}}