{"id":30320,"date":"2025-12-09T19:47:58","date_gmt":"2025-12-09T23:47:58","guid":{"rendered":"https:\/\/prensapresidencialvenezuela.gob.ve\/?p=30320"},"modified":"2025-12-09T19:47:59","modified_gmt":"2025-12-09T23:47:59","slug":"presidente-maduro-reafirma-su-emocion-joropo-es-patrimonio-y-simbolo-de-libertad","status":"publish","type":"post","link":"https:\/\/prensapresidencialvenezuela.gob.ve\/index.php\/2025\/12\/09\/presidente-maduro-reafirma-su-emocion-joropo-es-patrimonio-y-simbolo-de-libertad\/","title":{"rendered":"Presidente Maduro reafirma su emoci\u00f3n: \u00abJoropo es patrimonio y s\u00edmbolo de libertad\u00bb"},"content":{"rendered":"\n<p>Caracas, Venezuela .- El presidente de la Rep\u00fablica Bolivariana de Venezuela, Nicol\u00e1s Maduro, durante el Consejo Nacional de Econom\u00eda Productiva, reiter\u00f3 su profunda emoci\u00f3n y felicitaciones tras la aprobaci\u00f3n un\u00e1nime de la UNESCO en la India para declarar el Joropo del Llano Venezolano como Patrimonio Cultural Inmaterial de la Humanidad.<\/p>\n\n\n\n<p>El Jefe de Estado ratific\u00f3 sus felicitaciones a todos los joroperos, joroperas y cultores del pa\u00eds, destacando que este logro es una bendici\u00f3n para la Naci\u00f3n. El Presidente enfatiz\u00f3 la ra\u00edz hist\u00f3rica de esta tradici\u00f3n al evocar la v\u00edspera de la Batalla de Carabobo. \u00abEl 24 de junio de 1821 en la madrugada, primero nuestros soldados, nuestros combatientes compartieron un buen canto llanero, un buen joropo, calentaron las piernas y se fueron a cumplir su misi\u00f3n hist\u00f3rica, La libertad a esta Patria hermosa, Venezuela\u00bb.<\/p>\n\n\n\n<p>Finalmente, extendi\u00f3 las felicitaciones a todos los hombres y mujeres de Venezuela, donde quiera que est\u00e9n, por ser los custodios de esta manifestaci\u00f3n cultural que hoy recibe reconocimiento universal.<\/p>\n\n\n\n<figure class=\"wp-block-image size-large\"><img fetchpriority=\"high\" decoding=\"async\" width=\"961\" height=\"1024\" src=\"https:\/\/prensapresidencialvenezuela.gob.ve\/wp-content\/uploads\/2025\/12\/photo_5026171416881072924_y-961x1024.jpg\" alt=\"\" class=\"wp-image-30322\" srcset=\"https:\/\/prensapresidencialvenezuela.gob.ve\/wp-content\/uploads\/2025\/12\/photo_5026171416881072924_y-961x1024.jpg 961w, https:\/\/prensapresidencialvenezuela.gob.ve\/wp-content\/uploads\/2025\/12\/photo_5026171416881072924_y-281x300.jpg 281w, https:\/\/prensapresidencialvenezuela.gob.ve\/wp-content\/uploads\/2025\/12\/photo_5026171416881072924_y-768x819.jpg 768w, https:\/\/prensapresidencialvenezuela.gob.ve\/wp-content\/uploads\/2025\/12\/photo_5026171416881072924_y.jpg 1201w\" sizes=\"(max-width: 961px) 100vw, 961px\" \/><\/figure>\n\n\n\n<p><strong>Prensa Presidencial \/ Kaylib Maita<\/strong><\/p>\n","protected":false},"excerpt":{"rendered":"<p>Caracas, Venezuela .- El presidente de la Rep\u00fablica Bolivariana de Venezuela, Nicol\u00e1s Maduro, durante el Consejo Nacional de Econom\u00eda Productiva, reiter\u00f3 su profunda emoci\u00f3n y felicitaciones tras la aprobaci\u00f3n un\u00e1nime de la UNESCO en la India para declarar el Joropo del Llano Venezolano como Patrimonio Cultural Inmaterial de la Humanidad. El Jefe de Estado ratific\u00f3 [&hellip;]<\/p>\n","protected":false},"author":1,"featured_media":30321,"comment_status":"open","ping_status":"open","sticky":false,"template":"","format":"standard","meta":{"footnotes":""},"categories":[18,7],"tags":[1837,19,1129,20],"class_list":["post-30320","post","type-post","status-publish","format-standard","has-post-thumbnail","hentry","category-noticias-principales","category-notas-de-prensa","tag-joropo","tag-nicolas-maduro","tag-unesco","tag-venezuela"],"_links":{"self":[{"href":"https:\/\/prensapresidencialvenezuela.gob.ve\/index.php\/wp-json\/wp\/v2\/posts\/30320","targetHints":{"allow":["GET"]}}],"collection":[{"href":"https:\/\/prensapresidencialvenezuela.gob.ve\/index.php\/wp-json\/wp\/v2\/posts"}],"about":[{"href":"https:\/\/prensapresidencialvenezuela.gob.ve\/index.php\/wp-json\/wp\/v2\/types\/post"}],"author":[{"embeddable":true,"href":"https:\/\/prensapresidencialvenezuela.gob.ve\/index.php\/wp-json\/wp\/v2\/users\/1"}],"replies":[{"embeddable":true,"href":"https:\/\/prensapresidencialvenezuela.gob.ve\/index.php\/wp-json\/wp\/v2\/comments?post=30320"}],"version-history":[{"count":1,"href":"https:\/\/prensapresidencialvenezuela.gob.ve\/index.php\/wp-json\/wp\/v2\/posts\/30320\/revisions"}],"predecessor-version":[{"id":30323,"href":"https:\/\/prensapresidencialvenezuela.gob.ve\/index.php\/wp-json\/wp\/v2\/posts\/30320\/revisions\/30323"}],"wp:featuredmedia":[{"embeddable":true,"href":"https:\/\/prensapresidencialvenezuela.gob.ve\/index.php\/wp-json\/wp\/v2\/media\/30321"}],"wp:attachment":[{"href":"https:\/\/prensapresidencialvenezuela.gob.ve\/index.php\/wp-json\/wp\/v2\/media?parent=30320"}],"wp:term":[{"taxonomy":"category","embeddable":true,"href":"https:\/\/prensapresidencialvenezuela.gob.ve\/index.php\/wp-json\/wp\/v2\/categories?post=30320"},{"taxonomy":"post_tag","embeddable":true,"href":"https:\/\/prensapresidencialvenezuela.gob.ve\/index.php\/wp-json\/wp\/v2\/tags?post=30320"}],"curies":[{"name":"wp","href":"https:\/\/api.w.org\/{rel}","templated":true}]}}