{"id":30336,"date":"2025-12-09T20:00:30","date_gmt":"2025-12-10T00:00:30","guid":{"rendered":"https:\/\/prensapresidencialvenezuela.gob.ve\/?p=30336"},"modified":"2025-12-14T12:46:03","modified_gmt":"2025-12-14T16:46:03","slug":"produccion-manufacturera-privada-crecio-52-en-el-iii-trimestre-de-2025","status":"publish","type":"post","link":"https:\/\/prensapresidencialvenezuela.gob.ve\/index.php\/2025\/12\/09\/produccion-manufacturera-privada-crecio-52-en-el-iii-trimestre-de-2025\/","title":{"rendered":"Producci\u00f3n manufacturera privada creci\u00f3 5,2% en el III Trimestre de 2025"},"content":{"rendered":"\n<p><strong>Caracas, Venezuela.-<\/strong> Bajo el consenso nacional entre el Gobierno Bolivariano y la empresa privada en el Consejo Nacional de Econom\u00eda Productiva, representantes del empresariado privado dieron a conocer al presidente Nicol\u00e1s Maduro Moros que la producci\u00f3n manufacturera privada creci\u00f3 5,2% en el III Trimestre del a\u00f1o 2025.<\/p>\n\n\n\n<blockquote class=\"wp-block-quote is-layout-flow wp-block-quote-is-layout-flow\">\n<p>El presidente de la Confederaci\u00f3n Venezolana de Industriales (Conindustrias), Tito L\u00f3pez, indic\u00f3 que \u00abeste crecimiento no es casualidad, es fruto del esfuerzo, la resiliencia y la confianza de los empresarios de Venezuela, que han venido invirtiendo en maquinaria, equipos y sistemas en m\u00e1s de un 86% de los casos\u00bb.<\/p>\n<\/blockquote>\n\n\n\n<figure class=\"wp-block-image size-large\"><img fetchpriority=\"high\" decoding=\"async\" width=\"682\" height=\"1024\" src=\"https:\/\/prensapresidencialvenezuela.gob.ve\/wp-content\/uploads\/2025\/12\/photo_5026171416881072978_y-682x1024.jpg\" alt=\"\" class=\"wp-image-30341\" srcset=\"https:\/\/prensapresidencialvenezuela.gob.ve\/wp-content\/uploads\/2025\/12\/photo_5026171416881072978_y-682x1024.jpg 682w, https:\/\/prensapresidencialvenezuela.gob.ve\/wp-content\/uploads\/2025\/12\/photo_5026171416881072978_y-200x300.jpg 200w, https:\/\/prensapresidencialvenezuela.gob.ve\/wp-content\/uploads\/2025\/12\/photo_5026171416881072978_y-768x1152.jpg 768w, https:\/\/prensapresidencialvenezuela.gob.ve\/wp-content\/uploads\/2025\/12\/photo_5026171416881072978_y.jpg 853w\" sizes=\"(max-width: 682px) 100vw, 682px\" \/><\/figure>\n\n\n\n<p>En este contexto, L\u00f3pez tambi\u00e9n reconoci\u00f3 los buenos resultados de las mesas t\u00e9cnicas instaladas en Conindustria, conjuntamente con el Ministerio de Comercio Nacional y la Vicepresidente Ejecutiva, para tratar el flagelo de los il\u00edcitos, simplificar tr\u00e1mites y aumentar la calidad de los productos y servicios; los cuales arrojaron la simplificaci\u00f3n del 38% de los recaudos que directamente afectaban a la manufactura nacional.<\/p>\n\n\n\n<p>Al respecto, el Jefe de Estado respondi\u00f3 estar de acuerdo con el 100% del documento le\u00eddo y presentado por los empresarios, \u00abcreo que apunta a los factores que a\u00fan faltan en medio del contexto permanente de agresi\u00f3n econ\u00f3mica, que a\u00fan faltan por consolidar\u00bb, inform\u00f3.<\/p>\n\n\n\n<p><strong>Compromiso y capacidad de respuesta<\/strong><\/p>\n\n\n\n<p>El presidente Maduro destac\u00f3 que \u00abhay n\u00fameros favorables que cualquiera pudiera decir que es un milagro (\u2026) Es un milagro, que la manufactura del pa\u00eds est\u00e9 creciendo por encima del 8%. Eso es compromiso, capacidad gerencial, mucho trabajo, tecnolog\u00eda, inversi\u00f3n, estrategia y respaldo completo del Estado, que hay que convertirlo en decretos y leyes que vayan completando lo que es la estructura legal del nuevo tiempo\u00bb.<\/p>\n\n\n\n<p>El Mandatario Nacional prosigui\u00f3 informando que para que esa capacidad industrial suba al 60, 70% en el 2026, hace falta inversi\u00f3n, tecnolog\u00eda, resolver temas de materia prima, temas de permisolog\u00eda y facilitar el trabajo para seguir fortaleciendo el mercado interno.<\/p>\n\n\n\n<p>En consecuencia, el Presidente instruy\u00f3 a la ministra del Poder Popular para el Comercio Exterior, Coromoto Godoy, a fortalecer el mercado externo y la venta, junto a la Presidenta de Marca Pa\u00eds Venezuela, Daniella Cabello, a fin de colocar los productos venezolanos en el mundo nuevo.<\/p>\n\n\n\n<figure class=\"wp-block-image size-large\"><img decoding=\"async\" width=\"682\" height=\"1024\" src=\"https:\/\/prensapresidencialvenezuela.gob.ve\/wp-content\/uploads\/2025\/12\/photo_5026171416881073000_y-682x1024.jpg\" alt=\"\" class=\"wp-image-30342\" srcset=\"https:\/\/prensapresidencialvenezuela.gob.ve\/wp-content\/uploads\/2025\/12\/photo_5026171416881073000_y-682x1024.jpg 682w, https:\/\/prensapresidencialvenezuela.gob.ve\/wp-content\/uploads\/2025\/12\/photo_5026171416881073000_y-200x300.jpg 200w, https:\/\/prensapresidencialvenezuela.gob.ve\/wp-content\/uploads\/2025\/12\/photo_5026171416881073000_y-768x1152.jpg 768w, https:\/\/prensapresidencialvenezuela.gob.ve\/wp-content\/uploads\/2025\/12\/photo_5026171416881073000_y.jpg 853w\" sizes=\"(max-width: 682px) 100vw, 682px\" \/><\/figure>\n\n\n\n<p><strong>Prensa Presidencial \/ Claudia Guerra M\u00e9ndez<\/strong><\/p>\n\n\n\n<p><\/p>\n","protected":false},"excerpt":{"rendered":"<p>Caracas, Venezuela.- Bajo el consenso nacional entre el Gobierno Bolivariano y la empresa privada en el Consejo Nacional de Econom\u00eda Productiva, representantes del empresariado privado dieron a conocer al presidente Nicol\u00e1s Maduro Moros que la producci\u00f3n manufacturera privada creci\u00f3 5,2% en el III Trimestre del a\u00f1o 2025. El presidente de la Confederaci\u00f3n Venezolana de Industriales [&hellip;]<\/p>\n","protected":false},"author":19,"featured_media":30339,"comment_status":"open","ping_status":"open","sticky":false,"template":"","format":"standard","meta":{"footnotes":""},"categories":[18,7],"tags":[1848,1851,1850,19,1849,20],"class_list":["post-30336","post","type-post","status-publish","format-standard","has-post-thumbnail","hentry","category-noticias-principales","category-notas-de-prensa","tag-conindustrias","tag-coromoto-godoy","tag-ministerio-de-comercio-nacional","tag-nicolas-maduro","tag-tito-lopez","tag-venezuela"],"_links":{"self":[{"href":"https:\/\/prensapresidencialvenezuela.gob.ve\/index.php\/wp-json\/wp\/v2\/posts\/30336","targetHints":{"allow":["GET"]}}],"collection":[{"href":"https:\/\/prensapresidencialvenezuela.gob.ve\/index.php\/wp-json\/wp\/v2\/posts"}],"about":[{"href":"https:\/\/prensapresidencialvenezuela.gob.ve\/index.php\/wp-json\/wp\/v2\/types\/post"}],"author":[{"embeddable":true,"href":"https:\/\/prensapresidencialvenezuela.gob.ve\/index.php\/wp-json\/wp\/v2\/users\/19"}],"replies":[{"embeddable":true,"href":"https:\/\/prensapresidencialvenezuela.gob.ve\/index.php\/wp-json\/wp\/v2\/comments?post=30336"}],"version-history":[{"count":3,"href":"https:\/\/prensapresidencialvenezuela.gob.ve\/index.php\/wp-json\/wp\/v2\/posts\/30336\/revisions"}],"predecessor-version":[{"id":32047,"href":"https:\/\/prensapresidencialvenezuela.gob.ve\/index.php\/wp-json\/wp\/v2\/posts\/30336\/revisions\/32047"}],"wp:featuredmedia":[{"embeddable":true,"href":"https:\/\/prensapresidencialvenezuela.gob.ve\/index.php\/wp-json\/wp\/v2\/media\/30339"}],"wp:attachment":[{"href":"https:\/\/prensapresidencialvenezuela.gob.ve\/index.php\/wp-json\/wp\/v2\/media?parent=30336"}],"wp:term":[{"taxonomy":"category","embeddable":true,"href":"https:\/\/prensapresidencialvenezuela.gob.ve\/index.php\/wp-json\/wp\/v2\/categories?post=30336"},{"taxonomy":"post_tag","embeddable":true,"href":"https:\/\/prensapresidencialvenezuela.gob.ve\/index.php\/wp-json\/wp\/v2\/tags?post=30336"}],"curies":[{"name":"wp","href":"https:\/\/api.w.org\/{rel}","templated":true}]}}