{"id":30352,"date":"2025-12-09T20:17:23","date_gmt":"2025-12-10T00:17:23","guid":{"rendered":"https:\/\/prensapresidencialvenezuela.gob.ve\/?p=30352"},"modified":"2025-12-09T20:30:41","modified_gmt":"2025-12-10T00:30:41","slug":"un-sobrecalentamiento-poderoso-del-comercio-nacional-esta-activo-en-venezuela","status":"publish","type":"post","link":"https:\/\/prensapresidencialvenezuela.gob.ve\/index.php\/2025\/12\/09\/un-sobrecalentamiento-poderoso-del-comercio-nacional-esta-activo-en-venezuela\/","title":{"rendered":"Un \u00absobrecalentamiento poderoso\u00bb del comercio nacional est\u00e1 activo en Venezuela"},"content":{"rendered":"\n<p><strong>Caracas, Venezuela.- <\/strong>El presidente de la C\u00e1mara Venezolana de la Industria de Alimentos (Cavidea), Juvenal Arvel\u00e1ez, present\u00f3 algunos resultados del sistema alimentario y reconoci\u00f3 la gesti\u00f3n de los ministros que acompa\u00f1aron al empresariado privado en el impulso del desarrollo del sistema agroalimentario de Venezuela ante el presidente de la Rep\u00fablica Bolivariana de Venezuela, Nicol\u00e1s Maduro Moros, durante el Consejo Nacional de Econom\u00eda Productiva, celebrado este martes en Caracas.<\/p>\n\n\n\n<p>El Mandatario nacional luego de escuchar las palabras del presidente de Cavidea, reiter\u00f3 lo que fue la experiencia del pueblo venezolano ante el famoso \u00abBlack Friday\u00bb, el cual tuvo una extensi\u00f3n durante todo el fin de semana. Al respecto, agreg\u00f3 que hubo un \u00absobrecalentamiento en el consumo\u00bb, porque, a su criterio, \u00abtenemos una sociedad consumista\u00bb.<\/p>\n\n\n\n<blockquote class=\"wp-block-quote is-layout-flow wp-block-quote-is-layout-flow\">\n<p>\u00abNo hubiera un sobrecalentamiento tan poderoso del comercio nacional si no hubiera capacidad de compra de la poblaci\u00f3n venezolana. Ahora, ese mercado interno que se ha fortalecido por sus propios medios, hay que ofrecerle producto nacional. Ah\u00ed est\u00e1 la inventiva, la inteligencia, la capacidad de ustedes como empresarios\u00bb, explic\u00f3 el Presidente Maduro.<\/p>\n<\/blockquote>\n\n\n\n<figure class=\"wp-block-image size-large\"><img fetchpriority=\"high\" decoding=\"async\" width=\"682\" height=\"1024\" src=\"https:\/\/prensapresidencialvenezuela.gob.ve\/wp-content\/uploads\/2025\/12\/photo_5026171416881072989_y-682x1024.jpg\" alt=\"\" class=\"wp-image-30358\" srcset=\"https:\/\/prensapresidencialvenezuela.gob.ve\/wp-content\/uploads\/2025\/12\/photo_5026171416881072989_y-682x1024.jpg 682w, https:\/\/prensapresidencialvenezuela.gob.ve\/wp-content\/uploads\/2025\/12\/photo_5026171416881072989_y-200x300.jpg 200w, https:\/\/prensapresidencialvenezuela.gob.ve\/wp-content\/uploads\/2025\/12\/photo_5026171416881072989_y-768x1152.jpg 768w, https:\/\/prensapresidencialvenezuela.gob.ve\/wp-content\/uploads\/2025\/12\/photo_5026171416881072989_y.jpg 853w\" sizes=\"(max-width: 682px) 100vw, 682px\" \/><\/figure>\n\n\n\n<p>Con altos \u00edndice de rendimiento en arroz, el presidente de Cavidea destac\u00f3 que las necesidades de consumo en Venezuela tambi\u00e9n han crecido. \u00abEl consumo ha crecido y en este trimestre, m\u00e1s a\u00fan. Consumo de arroz, de harina precocida de ma\u00edz, de pasta, de harina de trigo, de leche pulverizada, leche fluida, tambi\u00e9n las prote\u00ednas monog\u00e1stricas: huevo, pollo, tambi\u00e9n cerdo y embutidos. Tenemos todo garantizado de manera importante hasta los perniles para este diciembre\u00bb, destac\u00f3 Arvel\u00e1ez.<\/p>\n\n\n\n<p>El empresario tambi\u00e9n manifest\u00f3 el exponencial crecimiento en otros rubros como la ca\u00f1a de az\u00facar, el caf\u00e9 y el cacao con alto nivel de exportaci\u00f3n. En este mismo orden de ideas, Arvel\u00e1ez dijo \u00abque los anaqueles los mantenemos abarrotados de producci\u00f3n nacional de manera importante y aquellas, Presidente, que todav\u00eda no hemos logrado, nos vamos a complementar para satisfacer los gustos y preferencias de ese consumidor venezolano y le vamos a dar seguridad alimentaria y soberan\u00eda alimentaria\u00bb.<\/p>\n\n\n\n<p>La vicepresidenta Ejecutiva, Delcy Rodr\u00edguez, finalmente, destac\u00f3 que el crecimiento econ\u00f3mico del pa\u00eds no es coyuntural, \u00abestamos cambiando estructuralmente el modelo venezolano, de un modelo rentista, como lo ha dicho el Presidente, de cambiar el modelo rentista petrolero a un modelo productivo y lo estamos demostrando en todos los retos\u00bb.<\/p>\n\n\n\n<p><strong>Prensa Presidencial\/Claudia Guerra M\u00e9ndez<\/strong><\/p>\n","protected":false},"excerpt":{"rendered":"<p>Caracas, Venezuela.- El presidente de la C\u00e1mara Venezolana de la Industria de Alimentos (Cavidea), Juvenal Arvel\u00e1ez, present\u00f3 algunos resultados del sistema alimentario y reconoci\u00f3 la gesti\u00f3n de los ministros que acompa\u00f1aron al empresariado privado en el impulso del desarrollo del sistema agroalimentario de Venezuela ante el presidente de la Rep\u00fablica Bolivariana de Venezuela, Nicol\u00e1s Maduro [&hellip;]<\/p>\n","protected":false},"author":18,"featured_media":30373,"comment_status":"open","ping_status":"open","sticky":false,"template":"","format":"standard","meta":{"footnotes":""},"categories":[18,7],"tags":[21,19,27,20],"class_list":["post-30352","post","type-post","status-publish","format-standard","has-post-thumbnail","hentry","category-noticias-principales","category-notas-de-prensa","tag-economia-venezolana","tag-nicolas-maduro","tag-revolucion-bolivariana","tag-venezuela"],"_links":{"self":[{"href":"https:\/\/prensapresidencialvenezuela.gob.ve\/index.php\/wp-json\/wp\/v2\/posts\/30352","targetHints":{"allow":["GET"]}}],"collection":[{"href":"https:\/\/prensapresidencialvenezuela.gob.ve\/index.php\/wp-json\/wp\/v2\/posts"}],"about":[{"href":"https:\/\/prensapresidencialvenezuela.gob.ve\/index.php\/wp-json\/wp\/v2\/types\/post"}],"author":[{"embeddable":true,"href":"https:\/\/prensapresidencialvenezuela.gob.ve\/index.php\/wp-json\/wp\/v2\/users\/18"}],"replies":[{"embeddable":true,"href":"https:\/\/prensapresidencialvenezuela.gob.ve\/index.php\/wp-json\/wp\/v2\/comments?post=30352"}],"version-history":[{"count":1,"href":"https:\/\/prensapresidencialvenezuela.gob.ve\/index.php\/wp-json\/wp\/v2\/posts\/30352\/revisions"}],"predecessor-version":[{"id":30362,"href":"https:\/\/prensapresidencialvenezuela.gob.ve\/index.php\/wp-json\/wp\/v2\/posts\/30352\/revisions\/30362"}],"wp:featuredmedia":[{"embeddable":true,"href":"https:\/\/prensapresidencialvenezuela.gob.ve\/index.php\/wp-json\/wp\/v2\/media\/30373"}],"wp:attachment":[{"href":"https:\/\/prensapresidencialvenezuela.gob.ve\/index.php\/wp-json\/wp\/v2\/media?parent=30352"}],"wp:term":[{"taxonomy":"category","embeddable":true,"href":"https:\/\/prensapresidencialvenezuela.gob.ve\/index.php\/wp-json\/wp\/v2\/categories?post=30352"},{"taxonomy":"post_tag","embeddable":true,"href":"https:\/\/prensapresidencialvenezuela.gob.ve\/index.php\/wp-json\/wp\/v2\/tags?post=30352"}],"curies":[{"name":"wp","href":"https:\/\/api.w.org\/{rel}","templated":true}]}}