{"id":30354,"date":"2025-12-09T20:13:51","date_gmt":"2025-12-10T00:13:51","guid":{"rendered":"https:\/\/prensapresidencialvenezuela.gob.ve\/?p=30354"},"modified":"2025-12-09T20:13:52","modified_gmt":"2025-12-10T00:13:52","slug":"venezuela-y-el-nuevo-mundo-pluripolar-conexion-estrategica-con-el-centro-de-la-economia-global","status":"publish","type":"post","link":"https:\/\/prensapresidencialvenezuela.gob.ve\/index.php\/2025\/12\/09\/venezuela-y-el-nuevo-mundo-pluripolar-conexion-estrategica-con-el-centro-de-la-economia-global\/","title":{"rendered":"Venezuela y el nuevo mundo pluripolar, conexi\u00f3n estrat\u00e9gica con el centro de la econom\u00eda global"},"content":{"rendered":"\n<p>Caracas, Venezuela.- El presidente de la Rep\u00fablica Bolivariana de Venezuela, Nicol\u00e1s Maduro, destac\u00f3 la posici\u00f3n estrat\u00e9gica y la conexi\u00f3n avanzada de Venezuela con el mundo pluripolar y multic\u00e9ntrico, al se\u00f1alar que el centro de la econom\u00eda y la producci\u00f3n de riquezas se ha desplazado hacia la regi\u00f3n Asia-Pac\u00edfico.<\/p>\n\n\n\n<p>El mandatario resalt\u00f3 que esta realidad, un \u00abcambio de \u00e9poca\u00bb estructural e hist\u00f3rico, est\u00e1 siendo reconocida incluso por potencias occidentales.<\/p>\n\n\n\n<p>El Jefe de Estado subray\u00f3 que Venezuela se adelant\u00f3 a esta tendencia hist\u00f3rica, estableciendo grandes acuerdos que aseguran su lugar en este nuevo esquema global. Afirm\u00f3 que este mundo pluripolar tiene \u00abpuerta abierta\u00bb con Venezuela, lo que le permite mantener relaciones y comercio con mercados clave como China, Rusia, Ir\u00e1n, India y Turqu\u00eda.<\/p>\n\n\n\n<p>Para consolidar esta ventaja geopol\u00edtica, el Presidente instruy\u00f3 al equipo econ\u00f3mico a garantizar la m\u00e1xima eficacia interna para capitalizar la conexi\u00f3n con estos grandes mercados.<\/p>\n\n\n\n<p><\/p>\n\n\n\n<p><strong>Prensa Presidencial \/ Kaylib Maita <\/strong><\/p>\n","protected":false},"excerpt":{"rendered":"<p>Caracas, Venezuela.- El presidente de la Rep\u00fablica Bolivariana de Venezuela, Nicol\u00e1s Maduro, destac\u00f3 la posici\u00f3n estrat\u00e9gica y la conexi\u00f3n avanzada de Venezuela con el mundo pluripolar y multic\u00e9ntrico, al se\u00f1alar que el centro de la econom\u00eda y la producci\u00f3n de riquezas se ha desplazado hacia la regi\u00f3n Asia-Pac\u00edfico. El mandatario resalt\u00f3 que esta realidad, un [&hellip;]<\/p>\n","protected":false},"author":1,"featured_media":30355,"comment_status":"open","ping_status":"open","sticky":false,"template":"","format":"standard","meta":{"footnotes":""},"categories":[18,7],"tags":[1854,1853,19,20],"class_list":["post-30354","post","type-post","status-publish","format-standard","has-post-thumbnail","hentry","category-noticias-principales","category-notas-de-prensa","tag-economia-global","tag-mundo-pluripolar","tag-nicolas-maduro","tag-venezuela"],"_links":{"self":[{"href":"https:\/\/prensapresidencialvenezuela.gob.ve\/index.php\/wp-json\/wp\/v2\/posts\/30354","targetHints":{"allow":["GET"]}}],"collection":[{"href":"https:\/\/prensapresidencialvenezuela.gob.ve\/index.php\/wp-json\/wp\/v2\/posts"}],"about":[{"href":"https:\/\/prensapresidencialvenezuela.gob.ve\/index.php\/wp-json\/wp\/v2\/types\/post"}],"author":[{"embeddable":true,"href":"https:\/\/prensapresidencialvenezuela.gob.ve\/index.php\/wp-json\/wp\/v2\/users\/1"}],"replies":[{"embeddable":true,"href":"https:\/\/prensapresidencialvenezuela.gob.ve\/index.php\/wp-json\/wp\/v2\/comments?post=30354"}],"version-history":[{"count":1,"href":"https:\/\/prensapresidencialvenezuela.gob.ve\/index.php\/wp-json\/wp\/v2\/posts\/30354\/revisions"}],"predecessor-version":[{"id":30356,"href":"https:\/\/prensapresidencialvenezuela.gob.ve\/index.php\/wp-json\/wp\/v2\/posts\/30354\/revisions\/30356"}],"wp:featuredmedia":[{"embeddable":true,"href":"https:\/\/prensapresidencialvenezuela.gob.ve\/index.php\/wp-json\/wp\/v2\/media\/30355"}],"wp:attachment":[{"href":"https:\/\/prensapresidencialvenezuela.gob.ve\/index.php\/wp-json\/wp\/v2\/media?parent=30354"}],"wp:term":[{"taxonomy":"category","embeddable":true,"href":"https:\/\/prensapresidencialvenezuela.gob.ve\/index.php\/wp-json\/wp\/v2\/categories?post=30354"},{"taxonomy":"post_tag","embeddable":true,"href":"https:\/\/prensapresidencialvenezuela.gob.ve\/index.php\/wp-json\/wp\/v2\/tags?post=30354"}],"curies":[{"name":"wp","href":"https:\/\/api.w.org\/{rel}","templated":true}]}}