{"id":30359,"date":"2025-12-09T20:17:08","date_gmt":"2025-12-10T00:17:08","guid":{"rendered":"https:\/\/prensapresidencialvenezuela.gob.ve\/?p=30359"},"modified":"2025-12-09T20:17:08","modified_gmt":"2025-12-10T00:17:08","slug":"ejecutivo-nacional-solicita-la-sustitucion-radical-de-importaciones-y-la-multiplicacion-de-las-exportaciones","status":"publish","type":"post","link":"https:\/\/prensapresidencialvenezuela.gob.ve\/index.php\/2025\/12\/09\/ejecutivo-nacional-solicita-la-sustitucion-radical-de-importaciones-y-la-multiplicacion-de-las-exportaciones\/","title":{"rendered":"Ejecutivo Nacional solicita la sustituci\u00f3n radical de importaciones y la multiplicaci\u00f3n de las exportaciones"},"content":{"rendered":"\n<p>Caracas, Venezuela. El presidente de la Rep\u00fablica Bolivariana de Venezuela, Nicol\u00e1s Maduro, inst\u00f3 este martes a un cambio profundo en la pol\u00edtica econ\u00f3mica nacional, llamando a la \u00absustituci\u00f3n radical de importaciones\u00bb para fortalecer el ahorro de divisas, y solicitando, en simult\u00e1neo, \u201cla multiplicaci\u00f3n expansiva de las exportaciones no petroleras\u201d.<\/p>\n\n\n\n<p>Durante un encuentro con el Consejo Nacional de Econom\u00eda Productiva, el Mandatario Nacional destac\u00f3 que este enfoque es fundamental para alcanzar un estadio superior de desarrollo econ\u00f3mico y consolidar el modelo de los 14 motores de la Agenda Econ\u00f3mica Bolivariana (AEB).<\/p>\n\n\n\n<p>Se\u00f1al\u00f3 que el objetivo principal de este cambio es robustecer \u201cla f\u00f3rmula virtuosa\u00bb econ\u00f3mica, a los fines de reducir la dependencia de bienes importados y crear nuevas fuentes de ingreso no petroleras, es decir, a trav\u00e9s de la exportaci\u00f3n diversificada.<\/p>\n\n\n\n<p>\u201cHay que buscar un equilibrio en ese punto. Entonces tenemos que ir, me niego, a que nosotros sigamos en el camino de la dependencia del ingreso petrolero. Entonces hay que acelerar la transici\u00f3n hacia un modelo aut\u00f3nomo que genere sus propios productos, sus propias riquezas, y tenga las divisas necesarias para una estabilidad perfecta del sistema cambiario que hemos creado y que funciona\u201d, precis\u00f3.<\/p>\n\n\n\n<p>El Jefe de Estado enfatiz\u00f3 que el planteamiento tiene su base en el desarrollo e impulso de los 14 motores y est\u00e1 destinado a ser un \u00abmodelo admirado en el mundo\u00bb. En este sentido, mencion\u00f3 que, a pesar de las circunstancias adversas como la guerra econ\u00f3mica, los bloqueos y las sanciones imperiales, el pa\u00eds ha encontrado su camino para el desarrollo, la prosperidad y el crecimiento.<\/p>\n\n\n\n<p><strong>Prensa Presidencial \/ Iliana Rosales<\/strong><\/p>\n","protected":false},"excerpt":{"rendered":"<p>Caracas, Venezuela. El presidente de la Rep\u00fablica Bolivariana de Venezuela, Nicol\u00e1s Maduro, inst\u00f3 este martes a un cambio profundo en la pol\u00edtica econ\u00f3mica nacional, llamando a la \u00absustituci\u00f3n radical de importaciones\u00bb para fortalecer el ahorro de divisas, y solicitando, en simult\u00e1neo, \u201cla multiplicaci\u00f3n expansiva de las exportaciones no petroleras\u201d. Durante un encuentro con el Consejo [&hellip;]<\/p>\n","protected":false},"author":19,"featured_media":30361,"comment_status":"open","ping_status":"open","sticky":false,"template":"","format":"standard","meta":{"footnotes":""},"categories":[18,7],"tags":[1841,19,20],"class_list":["post-30359","post","type-post","status-publish","format-standard","has-post-thumbnail","hentry","category-noticias-principales","category-notas-de-prensa","tag-consejo-nacional-de-economia-productiva","tag-nicolas-maduro","tag-venezuela"],"_links":{"self":[{"href":"https:\/\/prensapresidencialvenezuela.gob.ve\/index.php\/wp-json\/wp\/v2\/posts\/30359","targetHints":{"allow":["GET"]}}],"collection":[{"href":"https:\/\/prensapresidencialvenezuela.gob.ve\/index.php\/wp-json\/wp\/v2\/posts"}],"about":[{"href":"https:\/\/prensapresidencialvenezuela.gob.ve\/index.php\/wp-json\/wp\/v2\/types\/post"}],"author":[{"embeddable":true,"href":"https:\/\/prensapresidencialvenezuela.gob.ve\/index.php\/wp-json\/wp\/v2\/users\/19"}],"replies":[{"embeddable":true,"href":"https:\/\/prensapresidencialvenezuela.gob.ve\/index.php\/wp-json\/wp\/v2\/comments?post=30359"}],"version-history":[{"count":1,"href":"https:\/\/prensapresidencialvenezuela.gob.ve\/index.php\/wp-json\/wp\/v2\/posts\/30359\/revisions"}],"predecessor-version":[{"id":30363,"href":"https:\/\/prensapresidencialvenezuela.gob.ve\/index.php\/wp-json\/wp\/v2\/posts\/30359\/revisions\/30363"}],"wp:featuredmedia":[{"embeddable":true,"href":"https:\/\/prensapresidencialvenezuela.gob.ve\/index.php\/wp-json\/wp\/v2\/media\/30361"}],"wp:attachment":[{"href":"https:\/\/prensapresidencialvenezuela.gob.ve\/index.php\/wp-json\/wp\/v2\/media?parent=30359"}],"wp:term":[{"taxonomy":"category","embeddable":true,"href":"https:\/\/prensapresidencialvenezuela.gob.ve\/index.php\/wp-json\/wp\/v2\/categories?post=30359"},{"taxonomy":"post_tag","embeddable":true,"href":"https:\/\/prensapresidencialvenezuela.gob.ve\/index.php\/wp-json\/wp\/v2\/tags?post=30359"}],"curies":[{"name":"wp","href":"https:\/\/api.w.org\/{rel}","templated":true}]}}