{"id":30396,"date":"2025-12-09T21:40:43","date_gmt":"2025-12-10T01:40:43","guid":{"rendered":"https:\/\/prensapresidencialvenezuela.gob.ve\/?p=30396"},"modified":"2025-12-09T21:40:44","modified_gmt":"2025-12-10T01:40:44","slug":"presidente-maduro-anuncia-consensos-y-decisiones-clave-para-el-desarrollo-economico-nacional","status":"publish","type":"post","link":"https:\/\/prensapresidencialvenezuela.gob.ve\/index.php\/2025\/12\/09\/presidente-maduro-anuncia-consensos-y-decisiones-clave-para-el-desarrollo-economico-nacional\/","title":{"rendered":"Presidente Maduro anuncia consensos y decisiones clave para el desarrollo econ\u00f3mico nacional"},"content":{"rendered":"\n<p>Caracas, Venezuela &#8211; El presidente de la Rep\u00fablica Bolivariana de Venezuela Nicol\u00e1s Maduro Moros, en un encuentro con el Consejo Nacional de Econom\u00eda Productiva, ofreci\u00f3 anuncios claves como parte del \u00abrenacimiento econ\u00f3mico que est\u00e1 viviendo Venezuela\u00bb, resultado de un m\u00e9todo cient\u00edfico de planificaci\u00f3n permanente, perfeccionamiento e integraci\u00f3n.<\/p>\n\n\n\n<p>El Mandatario Nacional, acompa\u00f1ado por su Gabinete Ejecutivo y el empresariado nacional, subray\u00f3 la importancia de la articulaci\u00f3n de todos los sectores productivos, desde los m\u00e1s modestos hasta los grandes capitales, asegurando que \u00abtodos cabemos en el esfuerzo de liberar las fuerzas productivas de Venezuela\u00bb hacia un modelo de econom\u00eda potencia propio.<\/p>\n\n\n\n<p>Al respecto, hizo hincapi\u00e9 en la visi\u00f3n de la econom\u00eda como un punto de encuentro y la construcci\u00f3n de consensos como m\u00e9todo, enfatizando que la naci\u00f3n est\u00e1 generando una econom\u00eda inmensa donde \u00abtodo el mundo est\u00e1 agregando su idea (\u2026) se sienta incluido\u201d.<\/p>\n\n\n\n<figure class=\"wp-block-image size-large\"><img fetchpriority=\"high\" decoding=\"async\" width=\"1024\" height=\"683\" src=\"https:\/\/prensapresidencialvenezuela.gob.ve\/wp-content\/uploads\/2025\/12\/06_JZ__9918_P-1024x683.jpg\" alt=\"\" class=\"wp-image-30400\" srcset=\"https:\/\/prensapresidencialvenezuela.gob.ve\/wp-content\/uploads\/2025\/12\/06_JZ__9918_P-1024x683.jpg 1024w, https:\/\/prensapresidencialvenezuela.gob.ve\/wp-content\/uploads\/2025\/12\/06_JZ__9918_P-300x200.jpg 300w, https:\/\/prensapresidencialvenezuela.gob.ve\/wp-content\/uploads\/2025\/12\/06_JZ__9918_P-768x512.jpg 768w, https:\/\/prensapresidencialvenezuela.gob.ve\/wp-content\/uploads\/2025\/12\/06_JZ__9918_P-1536x1024.jpg 1536w, https:\/\/prensapresidencialvenezuela.gob.ve\/wp-content\/uploads\/2025\/12\/06_JZ__9918_P-2048x1365.jpg 2048w\" sizes=\"(max-width: 1024px) 100vw, 1024px\" \/><\/figure>\n\n\n\n<p><strong>Anuncios y consensos con el sector privado<\/strong><\/p>\n\n\n\n<p>En respuesta a las propuestas del presidente de la Federaci\u00f3n de C\u00e1maras y Asociaciones de Comercio y Producci\u00f3n de Venezuela (Fedec\u00e1maras), Felipe Capozzolo, quien tuvo un derecho de palabra en la cita, el Presidente Maduro aprob\u00f3 y orden\u00f3 la inmediata activaci\u00f3n de mesas de trabajo en tres \u00e1reas fundamentales:<\/p>\n\n\n\n<ol class=\"wp-block-list\">\n<li><strong>Electricidad e Inversi\u00f3n Privada<br><\/strong>El Presidente dio luz verde a la propuesta del empresariado para la incorporaci\u00f3n de la inversi\u00f3n nacional y las f\u00f3rmulas empresariales nacionales en la mejora del servicio el\u00e9ctrico. Esto, tiene como fin la estabilizaci\u00f3n del servicio. En tal sentido, se instruy\u00f3 conformar una mesa de trabajo entre el Gobierno Bolivariano y el empresariado, para cumplir con la meta.<\/li>\n\n\n\n<li><strong>Reforma tributaria<br><\/strong>El Mandatario Nacional acept\u00f3 el llamado a debatir los elementos que, seg\u00fan el sector, representan una presi\u00f3n tributaria que es necesario liberar. Al respecto, solicit\u00f3 a la vicepresidenta ejecutiva, Delcy Rodr\u00edguez, debatir las propuestas con el empresariado, a los fines de tomar decisiones en pro del desarrollo econ\u00f3mico y la inversi\u00f3n social.<\/li>\n\n\n\n<li><strong>Combate a la presi\u00f3n cambiaria inflacionaria<br><\/strong>El Jefe de Estado ratific\u00f3 que la soluci\u00f3n a las presiones cambiarias inflacionarias es a trav\u00e9s de la producci\u00f3n, la generaci\u00f3n de riqueza, el abastecimiento nacional y la generaci\u00f3n\/ahorro de divisas.<\/li>\n<\/ol>\n\n\n\n<p>Afirm\u00f3 que el sistema econ\u00f3mico creado por el pa\u00eds ha funcionado de forma perfecta y se seguir\u00e1 resolviendo en la medida que se avance.<\/p>\n\n\n\n<p><strong>Prensa Presidencial \/ Iliana Rosales<\/strong><\/p>\n","protected":false},"excerpt":{"rendered":"<p>Caracas, Venezuela &#8211; El presidente de la Rep\u00fablica Bolivariana de Venezuela Nicol\u00e1s Maduro Moros, en un encuentro con el Consejo Nacional de Econom\u00eda Productiva, ofreci\u00f3 anuncios claves como parte del \u00abrenacimiento econ\u00f3mico que est\u00e1 viviendo Venezuela\u00bb, resultado de un m\u00e9todo cient\u00edfico de planificaci\u00f3n permanente, perfeccionamiento e integraci\u00f3n. El Mandatario Nacional, acompa\u00f1ado por su Gabinete Ejecutivo [&hellip;]<\/p>\n","protected":false},"author":19,"featured_media":30398,"comment_status":"open","ping_status":"open","sticky":false,"template":"","format":"standard","meta":{"footnotes":""},"categories":[18,7],"tags":[122,1856,1857,1808,19],"class_list":["post-30396","post","type-post","status-publish","format-standard","has-post-thumbnail","hentry","category-noticias-principales","category-notas-de-prensa","tag-delcy-rodriguez","tag-fedecamaras","tag-felipe-capozzolo","tag-gas","tag-nicolas-maduro"],"_links":{"self":[{"href":"https:\/\/prensapresidencialvenezuela.gob.ve\/index.php\/wp-json\/wp\/v2\/posts\/30396","targetHints":{"allow":["GET"]}}],"collection":[{"href":"https:\/\/prensapresidencialvenezuela.gob.ve\/index.php\/wp-json\/wp\/v2\/posts"}],"about":[{"href":"https:\/\/prensapresidencialvenezuela.gob.ve\/index.php\/wp-json\/wp\/v2\/types\/post"}],"author":[{"embeddable":true,"href":"https:\/\/prensapresidencialvenezuela.gob.ve\/index.php\/wp-json\/wp\/v2\/users\/19"}],"replies":[{"embeddable":true,"href":"https:\/\/prensapresidencialvenezuela.gob.ve\/index.php\/wp-json\/wp\/v2\/comments?post=30396"}],"version-history":[{"count":1,"href":"https:\/\/prensapresidencialvenezuela.gob.ve\/index.php\/wp-json\/wp\/v2\/posts\/30396\/revisions"}],"predecessor-version":[{"id":30401,"href":"https:\/\/prensapresidencialvenezuela.gob.ve\/index.php\/wp-json\/wp\/v2\/posts\/30396\/revisions\/30401"}],"wp:featuredmedia":[{"embeddable":true,"href":"https:\/\/prensapresidencialvenezuela.gob.ve\/index.php\/wp-json\/wp\/v2\/media\/30398"}],"wp:attachment":[{"href":"https:\/\/prensapresidencialvenezuela.gob.ve\/index.php\/wp-json\/wp\/v2\/media?parent=30396"}],"wp:term":[{"taxonomy":"category","embeddable":true,"href":"https:\/\/prensapresidencialvenezuela.gob.ve\/index.php\/wp-json\/wp\/v2\/categories?post=30396"},{"taxonomy":"post_tag","embeddable":true,"href":"https:\/\/prensapresidencialvenezuela.gob.ve\/index.php\/wp-json\/wp\/v2\/tags?post=30396"}],"curies":[{"name":"wp","href":"https:\/\/api.w.org\/{rel}","templated":true}]}}