{"id":30402,"date":"2025-12-09T21:42:34","date_gmt":"2025-12-10T01:42:34","guid":{"rendered":"https:\/\/prensapresidencialvenezuela.gob.ve\/?p=30402"},"modified":"2025-12-09T21:45:19","modified_gmt":"2025-12-10T01:45:19","slug":"venezuela-exportara-gas-licuado-a-colombia-y-donara-el-primer-envio","status":"publish","type":"post","link":"https:\/\/prensapresidencialvenezuela.gob.ve\/index.php\/2025\/12\/09\/venezuela-exportara-gas-licuado-a-colombia-y-donara-el-primer-envio\/","title":{"rendered":"Venezuela exportar\u00e1 gas licuado a Colombia y donar\u00e1 el primer env\u00edo"},"content":{"rendered":"\n<p>Caracas, Venezuela.- El presidente de la Rep\u00fablica Bolivariana de Venezuela, Nicol\u00e1s Maduro, anunci\u00f3 que el pa\u00eds comenzar\u00e1 a exportar Gas Licuado de Petr\u00f3leo (GLP) a Colombia, y detall\u00f3 que el primer cargamento ser\u00e1 una donaci\u00f3n. El anuncio se realiz\u00f3 durante un encuentro con el Consejo Nacional de Econom\u00eda Productiva.<\/p>\n\n\n\n<p>El Jefe de Estado tambi\u00e9n se refiri\u00f3 al desarrollo del sector de hidrocarburos, destacando el crecimiento sostenido de la producci\u00f3n petrolera \u00abcon pulm\u00f3n propio\u00bb. Como resultado de este esfuerzo, adelant\u00f3 que instruy\u00f3 informar a las autoridades colombianas que el primer env\u00edo de gas listo para exportar se donar\u00e1 a las poblaciones fronterizas de Colombia.<\/p>\n\n\n\n<p>En tal sentido, justific\u00f3 la donaci\u00f3n en una estrategia contra sectores que busca especular con los precios de GLP en el vecino pa\u00eds:<\/p>\n\n\n\n<blockquote class=\"wp-block-quote is-layout-flow wp-block-quote-is-layout-flow\">\n<p>\u201cComo hay una disputa, unos empresarios que llegaron a \u00faltima hora ya y quieren empezar a especular con los precios del gas producido en la tierra de Bol\u00edvar, yo le acabo de decir a la Ministra que le informe al ministro Palma, ministro de Minas y Energ\u00eda de Colombia, y por esta v\u00eda le informe al Presidente Gustavo Petro (\u2026) que el gas listo para exportar ser\u00e1 una donaci\u00f3n que le haremos al pueblo de Colombia en la frontera. Y as\u00ed abrimos el camino, y le pasamos por encima a los que quieren especular y robar al pueblo\u201d, sostuvo.<\/p>\n<\/blockquote>\n\n\n\n<p>El presidente Maduro enfatiz\u00f3 que el gas y el petr\u00f3leo que necesita Colombia est\u00e1n en Venezuela, y expres\u00f3 su compromiso de hacerlo posible, declarando: \u00abLa Gran Colombia renacer\u00e1 de nuestros esfuerzos soberanos e independientes\u00bb.<\/p>\n\n\n\n<p>Finalmente, asegur\u00f3 que los objetivos del modelo econ\u00f3mico venezolano son la soberan\u00eda nacional, la satisfacci\u00f3n de las necesidades internas y el derecho del pueblo a la felicidad social.<\/p>\n\n\n\n<p><strong>Prensa Presidencial \/ Iliana Rosales<\/strong><\/p>\n","protected":false},"excerpt":{"rendered":"<p>Caracas, Venezuela.- El presidente de la Rep\u00fablica Bolivariana de Venezuela, Nicol\u00e1s Maduro, anunci\u00f3 que el pa\u00eds comenzar\u00e1 a exportar Gas Licuado de Petr\u00f3leo (GLP) a Colombia, y detall\u00f3 que el primer cargamento ser\u00e1 una donaci\u00f3n. El anuncio se realiz\u00f3 durante un encuentro con el Consejo Nacional de Econom\u00eda Productiva. El Jefe de Estado tambi\u00e9n se [&hellip;]<\/p>\n","protected":false},"author":19,"featured_media":30410,"comment_status":"open","ping_status":"open","sticky":false,"template":"","format":"standard","meta":{"footnotes":""},"categories":[18,7],"tags":[40,1841,122,19,20],"class_list":["post-30402","post","type-post","status-publish","format-standard","has-post-thumbnail","hentry","category-noticias-principales","category-notas-de-prensa","tag-colombia","tag-consejo-nacional-de-economia-productiva","tag-delcy-rodriguez","tag-nicolas-maduro","tag-venezuela"],"_links":{"self":[{"href":"https:\/\/prensapresidencialvenezuela.gob.ve\/index.php\/wp-json\/wp\/v2\/posts\/30402","targetHints":{"allow":["GET"]}}],"collection":[{"href":"https:\/\/prensapresidencialvenezuela.gob.ve\/index.php\/wp-json\/wp\/v2\/posts"}],"about":[{"href":"https:\/\/prensapresidencialvenezuela.gob.ve\/index.php\/wp-json\/wp\/v2\/types\/post"}],"author":[{"embeddable":true,"href":"https:\/\/prensapresidencialvenezuela.gob.ve\/index.php\/wp-json\/wp\/v2\/users\/19"}],"replies":[{"embeddable":true,"href":"https:\/\/prensapresidencialvenezuela.gob.ve\/index.php\/wp-json\/wp\/v2\/comments?post=30402"}],"version-history":[{"count":1,"href":"https:\/\/prensapresidencialvenezuela.gob.ve\/index.php\/wp-json\/wp\/v2\/posts\/30402\/revisions"}],"predecessor-version":[{"id":30406,"href":"https:\/\/prensapresidencialvenezuela.gob.ve\/index.php\/wp-json\/wp\/v2\/posts\/30402\/revisions\/30406"}],"wp:featuredmedia":[{"embeddable":true,"href":"https:\/\/prensapresidencialvenezuela.gob.ve\/index.php\/wp-json\/wp\/v2\/media\/30410"}],"wp:attachment":[{"href":"https:\/\/prensapresidencialvenezuela.gob.ve\/index.php\/wp-json\/wp\/v2\/media?parent=30402"}],"wp:term":[{"taxonomy":"category","embeddable":true,"href":"https:\/\/prensapresidencialvenezuela.gob.ve\/index.php\/wp-json\/wp\/v2\/categories?post=30402"},{"taxonomy":"post_tag","embeddable":true,"href":"https:\/\/prensapresidencialvenezuela.gob.ve\/index.php\/wp-json\/wp\/v2\/tags?post=30402"}],"curies":[{"name":"wp","href":"https:\/\/api.w.org\/{rel}","templated":true}]}}