{"id":3041,"date":"2022-06-24T15:36:00","date_gmt":"2022-06-24T15:36:00","guid":{"rendered":"http:\/\/172.27.0.121\/?p=3041"},"modified":"2022-07-15T17:48:57","modified_gmt":"2022-07-15T17:48:57","slug":"carabobo-una-esplendida-victoria","status":"publish","type":"post","link":"https:\/\/prensapresidencialvenezuela.gob.ve\/index.php\/2022\/06\/24\/carabobo-una-esplendida-victoria\/","title":{"rendered":"Carabobo: una espl\u00e9ndida victoria"},"content":{"rendered":"\n<p>Lo grande de Carabobo es la uni\u00f3n: Bol\u00edvar consolida que sus jefes entiendan que solamente con la uni\u00f3n, con el respeto a un solo l\u00edder como autoridad suprema se debe dar una batalla decisiva.<\/p>\n\n\n\n<p>Sim\u00f3n Bol\u00edvar, en la campa\u00f1a del 1818 fracas\u00f3 y lo derrotan; en 1819 se va para la Campa\u00f1a de Nueva Granada cruza Los Andes y lo dan por muerto, hasta que regresa casi a finales de 1819.<\/p>\n\n\n\n<p>En 1820 con el Armisticio y Tratado de Regularizaci\u00f3n de la Guerra, se consolida como jefe de la Rep\u00fablica y logra dar la Batalla de Carabobo de 1821.<\/p>\n\n\n\n<div data-wp-interactive=\"core\/file\" class=\"wp-block-file\"><object data-wp-bind--hidden=\"!state.hasPdfPreview\" hidden class=\"wp-block-file__embed\" data=\"https:\/\/prensapresidencialvenezuela.gob.ve\/wp-content\/uploads\/2022\/07\/ENTREVISTA-FRANK-ZURITA-HERNANDEZ.pdf\" type=\"application\/pdf\" style=\"width:100%;height:600px\" aria-label=\"Incrustado de Incrustado de ENTREVISTA-FRANK-ZURITA-HERNANDEZ..\"><\/object><a id=\"wp-block-file--media-244e2f06-8aa2-4f3a-85f1-a8b87b1e2eba\" href=\"https:\/\/prensapresidencialvenezuela.gob.ve\/wp-content\/uploads\/2022\/07\/ENTREVISTA-FRANK-ZURITA-HERNANDEZ.pdf\">ENTREVISTA-FRANK-ZURITA-HERNANDEZ<\/a><a href=\"https:\/\/prensapresidencialvenezuela.gob.ve\/wp-content\/uploads\/2022\/07\/ENTREVISTA-FRANK-ZURITA-HERNANDEZ.pdf\" class=\"wp-block-file__button\" download aria-describedby=\"wp-block-file--media-244e2f06-8aa2-4f3a-85f1-a8b87b1e2eba\">Descarga<\/a><\/div>\n","protected":false},"excerpt":{"rendered":"<p>Lo grande de Carabobo es la uni\u00f3n: Bol\u00edvar consolida que sus jefes entiendan que solamente con la uni\u00f3n, con el respeto a un solo l\u00edder como autoridad suprema se debe dar una batalla decisiva. Sim\u00f3n Bol\u00edvar, en la campa\u00f1a del 1818 fracas\u00f3 y lo derrotan; en 1819 se va para la Campa\u00f1a de Nueva Granada [&hellip;]<\/p>\n","protected":false},"author":6,"featured_media":3042,"comment_status":"open","ping_status":"open","sticky":false,"template":"","format":"standard","meta":{"footnotes":""},"categories":[10],"tags":[],"class_list":["post-3041","post","type-post","status-publish","format-standard","has-post-thumbnail","hentry","category-especiales"],"_links":{"self":[{"href":"https:\/\/prensapresidencialvenezuela.gob.ve\/index.php\/wp-json\/wp\/v2\/posts\/3041","targetHints":{"allow":["GET"]}}],"collection":[{"href":"https:\/\/prensapresidencialvenezuela.gob.ve\/index.php\/wp-json\/wp\/v2\/posts"}],"about":[{"href":"https:\/\/prensapresidencialvenezuela.gob.ve\/index.php\/wp-json\/wp\/v2\/types\/post"}],"author":[{"embeddable":true,"href":"https:\/\/prensapresidencialvenezuela.gob.ve\/index.php\/wp-json\/wp\/v2\/users\/6"}],"replies":[{"embeddable":true,"href":"https:\/\/prensapresidencialvenezuela.gob.ve\/index.php\/wp-json\/wp\/v2\/comments?post=3041"}],"version-history":[{"count":1,"href":"https:\/\/prensapresidencialvenezuela.gob.ve\/index.php\/wp-json\/wp\/v2\/posts\/3041\/revisions"}],"predecessor-version":[{"id":3044,"href":"https:\/\/prensapresidencialvenezuela.gob.ve\/index.php\/wp-json\/wp\/v2\/posts\/3041\/revisions\/3044"}],"wp:featuredmedia":[{"embeddable":true,"href":"https:\/\/prensapresidencialvenezuela.gob.ve\/index.php\/wp-json\/wp\/v2\/media\/3042"}],"wp:attachment":[{"href":"https:\/\/prensapresidencialvenezuela.gob.ve\/index.php\/wp-json\/wp\/v2\/media?parent=3041"}],"wp:term":[{"taxonomy":"category","embeddable":true,"href":"https:\/\/prensapresidencialvenezuela.gob.ve\/index.php\/wp-json\/wp\/v2\/categories?post=3041"},{"taxonomy":"post_tag","embeddable":true,"href":"https:\/\/prensapresidencialvenezuela.gob.ve\/index.php\/wp-json\/wp\/v2\/tags?post=3041"}],"curies":[{"name":"wp","href":"https:\/\/api.w.org\/{rel}","templated":true}]}}