{"id":30605,"date":"2025-12-10T16:17:29","date_gmt":"2025-12-10T20:17:29","guid":{"rendered":"https:\/\/prensapresidencialvenezuela.gob.ve\/?p=30605"},"modified":"2025-12-10T17:54:31","modified_gmt":"2025-12-10T21:54:31","slug":"pueblo-acompana-al-presidente-maduro-en-la-gran-marcha-por-los-166-anos-de-la-batalla-heroica-de-santa-ines","status":"publish","type":"post","link":"https:\/\/prensapresidencialvenezuela.gob.ve\/index.php\/2025\/12\/10\/pueblo-acompana-al-presidente-maduro-en-la-gran-marcha-por-los-166-anos-de-la-batalla-heroica-de-santa-ines\/","title":{"rendered":"Pueblo acompa\u00f1a al Presidente Maduro en la gran marcha por los 166 a\u00f1os de la Batalla Heroica de Santa In\u00e9s"},"content":{"rendered":"\n<p><strong>Caracas, Venezuela.-<\/strong> El pueblo revolucionario y los sectores sociales del pa\u00eds encabezan este mi\u00e9rcoles, junto al presidente de la Rep\u00fablica Bolivariana de Venezuela, Nicol\u00e1s Maduro, la gran marcha en tributo al 166 aniversario de la Batalla de Santa In\u00e9s, hecho ocurrido en 1859. <\/p>\n\n\n\n<p>El objetivo central de la concentraci\u00f3n es rendir homenaje a la fuerza heroica del General del Pueblo Soberano Ezequiel Zamora y, simult\u00e1neamente, reafirmar la lealtad absoluta al legado del Comandante Hugo Ch\u00e1vez. <\/p>\n\n\n\n<p>La marcha es concebida como una demostraci\u00f3n contundente de fuerza popular que declara que la Revoluci\u00f3n Bolivariana es irreversible. <\/p>\n\n\n\n<p>La actividad se desarrolla en Caracas con dos rutas que salen desde Maternidad y Bellas Artes y que tienen como punto de llegada Puente Rep\u00fablica, en las inmediaciones del Complejo de Miraflores, en la capital del pa\u00eds. <\/p>\n\n\n\n<p>Prensa Presidencial\/ Iliana Rosales<\/p>\n","protected":false},"excerpt":{"rendered":"<p>Caracas, Venezuela.- El pueblo revolucionario y los sectores sociales del pa\u00eds encabezan este mi\u00e9rcoles, junto al presidente de la Rep\u00fablica Bolivariana de Venezuela, Nicol\u00e1s Maduro, la gran marcha en tributo al 166 aniversario de la Batalla de Santa In\u00e9s, hecho ocurrido en 1859. El objetivo central de la concentraci\u00f3n es rendir homenaje a la fuerza [&hellip;]<\/p>\n","protected":false},"author":1,"featured_media":30647,"comment_status":"open","ping_status":"open","sticky":false,"template":"","format":"standard","meta":{"footnotes":""},"categories":[18,7],"tags":[],"class_list":["post-30605","post","type-post","status-publish","format-standard","has-post-thumbnail","hentry","category-noticias-principales","category-notas-de-prensa"],"_links":{"self":[{"href":"https:\/\/prensapresidencialvenezuela.gob.ve\/index.php\/wp-json\/wp\/v2\/posts\/30605","targetHints":{"allow":["GET"]}}],"collection":[{"href":"https:\/\/prensapresidencialvenezuela.gob.ve\/index.php\/wp-json\/wp\/v2\/posts"}],"about":[{"href":"https:\/\/prensapresidencialvenezuela.gob.ve\/index.php\/wp-json\/wp\/v2\/types\/post"}],"author":[{"embeddable":true,"href":"https:\/\/prensapresidencialvenezuela.gob.ve\/index.php\/wp-json\/wp\/v2\/users\/1"}],"replies":[{"embeddable":true,"href":"https:\/\/prensapresidencialvenezuela.gob.ve\/index.php\/wp-json\/wp\/v2\/comments?post=30605"}],"version-history":[{"count":2,"href":"https:\/\/prensapresidencialvenezuela.gob.ve\/index.php\/wp-json\/wp\/v2\/posts\/30605\/revisions"}],"predecessor-version":[{"id":30667,"href":"https:\/\/prensapresidencialvenezuela.gob.ve\/index.php\/wp-json\/wp\/v2\/posts\/30605\/revisions\/30667"}],"wp:featuredmedia":[{"embeddable":true,"href":"https:\/\/prensapresidencialvenezuela.gob.ve\/index.php\/wp-json\/wp\/v2\/media\/30647"}],"wp:attachment":[{"href":"https:\/\/prensapresidencialvenezuela.gob.ve\/index.php\/wp-json\/wp\/v2\/media?parent=30605"}],"wp:term":[{"taxonomy":"category","embeddable":true,"href":"https:\/\/prensapresidencialvenezuela.gob.ve\/index.php\/wp-json\/wp\/v2\/categories?post=30605"},{"taxonomy":"post_tag","embeddable":true,"href":"https:\/\/prensapresidencialvenezuela.gob.ve\/index.php\/wp-json\/wp\/v2\/tags?post=30605"}],"curies":[{"name":"wp","href":"https:\/\/api.w.org\/{rel}","templated":true}]}}