{"id":30649,"date":"2025-12-10T17:17:22","date_gmt":"2025-12-10T21:17:22","guid":{"rendered":"https:\/\/prensapresidencialvenezuela.gob.ve\/?p=30649"},"modified":"2025-12-10T17:17:22","modified_gmt":"2025-12-10T21:17:22","slug":"presidente-maduro-felicita-a-la-union-nacional-campesina-ezequiel-zamora-por-su-demostracion-de-fortalecimiento-popular","status":"publish","type":"post","link":"https:\/\/prensapresidencialvenezuela.gob.ve\/index.php\/2025\/12\/10\/presidente-maduro-felicita-a-la-union-nacional-campesina-ezequiel-zamora-por-su-demostracion-de-fortalecimiento-popular\/","title":{"rendered":"Presidente Maduro felicita a la Uni\u00f3n Nacional Campesina \u00abEzequiel Zamora\u00bb por su demostraci\u00f3n de fortalecimiento popular"},"content":{"rendered":"\n<p><strong>Caracas, Venezuela.-<\/strong> Este mi\u00e9rcoles patri\u00f3tico y colmado de fervor revolucionario, el presidente de la Rep\u00fablica Bolivariana de Venezuela, Nicol\u00e1s Maduro Moros, felicit\u00f3 a toda la Uni\u00f3n Nacional Campesina \u00abEzequiel Zamora\u00bb por su gran demostraci\u00f3n de robustecimiento popular.<\/p>\n\n\n\n<p>Aunado a ello, dijo que la Patria continuar\u00e1 construyendo una democracia poderosa, porque \u00abes una democracia con pueblo empoderado\u00bb. Destacando, adem\u00e1s, que a quienes hablan de democracia en el vac\u00edo, hoy les dice: \u00abPele el ojo compadre y mira al pueblo venezolano en las calles, demostrando su poder d\u00eda a d\u00eda y permanentemente\u00bb.<\/p>\n\n\n\n<p>Al mismo tiempo, el Jefe de Estado subray\u00f3 que el pa\u00eds continuar\u00e1 cimentando el poder de la Naci\u00f3n y la base verdadera del poder de un pa\u00eds, que \u00abes su pueblo, sus valores, su educaci\u00f3n, su cultura, su conciencia y su poder organizativo.<\/p>\n\n\n\n<p>El Mandatario Nacional tambi\u00e9n precis\u00f3 que quien trajo la democratizaci\u00f3n verdadera de Venezuela, fue el Comandante Eterno, Hugo Ch\u00e1vez; expresando que \u00ablea arda al que le arda, que se rasque\u00bb, porque su amor por el pueblo que se mantiene movilizado y las calles, es profundo.<\/p>\n\n\n\n<p>Esta alocuci\u00f3n llena de sentimiento revolucionario fue realizada durante el recibimiento de la Gran Marcha por los 166 A\u00f1os de la Batalla Heroica de Santa In\u00e9s, una fecha que marc\u00f3 en la historia de Venezuela.<\/p>\n\n\n\n<p><strong>Prensa Presidencial\/ Irmary D\u00edaz<\/strong><\/p>\n","protected":false},"excerpt":{"rendered":"<p>Caracas, Venezuela.- Este mi\u00e9rcoles patri\u00f3tico y colmado de fervor revolucionario, el presidente de la Rep\u00fablica Bolivariana de Venezuela, Nicol\u00e1s Maduro Moros, felicit\u00f3 a toda la Uni\u00f3n Nacional Campesina \u00abEzequiel Zamora\u00bb por su gran demostraci\u00f3n de robustecimiento popular. Aunado a ello, dijo que la Patria continuar\u00e1 construyendo una democracia poderosa, porque \u00abes una democracia con pueblo [&hellip;]<\/p>\n","protected":false},"author":15,"featured_media":30653,"comment_status":"open","ping_status":"open","sticky":false,"template":"","format":"standard","meta":{"footnotes":""},"categories":[18,7],"tags":[],"class_list":["post-30649","post","type-post","status-publish","format-standard","has-post-thumbnail","hentry","category-noticias-principales","category-notas-de-prensa"],"_links":{"self":[{"href":"https:\/\/prensapresidencialvenezuela.gob.ve\/index.php\/wp-json\/wp\/v2\/posts\/30649","targetHints":{"allow":["GET"]}}],"collection":[{"href":"https:\/\/prensapresidencialvenezuela.gob.ve\/index.php\/wp-json\/wp\/v2\/posts"}],"about":[{"href":"https:\/\/prensapresidencialvenezuela.gob.ve\/index.php\/wp-json\/wp\/v2\/types\/post"}],"author":[{"embeddable":true,"href":"https:\/\/prensapresidencialvenezuela.gob.ve\/index.php\/wp-json\/wp\/v2\/users\/15"}],"replies":[{"embeddable":true,"href":"https:\/\/prensapresidencialvenezuela.gob.ve\/index.php\/wp-json\/wp\/v2\/comments?post=30649"}],"version-history":[{"count":1,"href":"https:\/\/prensapresidencialvenezuela.gob.ve\/index.php\/wp-json\/wp\/v2\/posts\/30649\/revisions"}],"predecessor-version":[{"id":30654,"href":"https:\/\/prensapresidencialvenezuela.gob.ve\/index.php\/wp-json\/wp\/v2\/posts\/30649\/revisions\/30654"}],"wp:featuredmedia":[{"embeddable":true,"href":"https:\/\/prensapresidencialvenezuela.gob.ve\/index.php\/wp-json\/wp\/v2\/media\/30653"}],"wp:attachment":[{"href":"https:\/\/prensapresidencialvenezuela.gob.ve\/index.php\/wp-json\/wp\/v2\/media?parent=30649"}],"wp:term":[{"taxonomy":"category","embeddable":true,"href":"https:\/\/prensapresidencialvenezuela.gob.ve\/index.php\/wp-json\/wp\/v2\/categories?post=30649"},{"taxonomy":"post_tag","embeddable":true,"href":"https:\/\/prensapresidencialvenezuela.gob.ve\/index.php\/wp-json\/wp\/v2\/tags?post=30649"}],"curies":[{"name":"wp","href":"https:\/\/api.w.org\/{rel}","templated":true}]}}