{"id":30657,"date":"2025-12-10T17:15:00","date_gmt":"2025-12-10T21:15:00","guid":{"rendered":"https:\/\/prensapresidencialvenezuela.gob.ve\/?p=30657"},"modified":"2025-12-10T18:09:08","modified_gmt":"2025-12-10T22:09:08","slug":"a-166-anos-de-santa-ines-venezuela-sigue-en-victoria-contra-la-oligarquia","status":"publish","type":"post","link":"https:\/\/prensapresidencialvenezuela.gob.ve\/index.php\/2025\/12\/10\/a-166-anos-de-santa-ines-venezuela-sigue-en-victoria-contra-la-oligarquia\/","title":{"rendered":"A 166 A\u00f1os de Santa In\u00e9s \u00a1Venezuela sigue en Victoria contra la oligarqu\u00eda!"},"content":{"rendered":"\n<p><strong>Caracas, Venezuela .-<\/strong> El presidente de la Rep\u00fablica Bolivariana de Venezuela, Nicol\u00e1s Maduro Moros, conmemor\u00f3 este mi\u00e9rcoles, 10 de diciembre de 2025, los 166 a\u00f1os de la Batalla de Santa In\u00e9s, asegurando que la Naci\u00f3n se mantiene en victoria contra los enemigos hist\u00f3ricos del pueblo. <br><br>\u00abHoy, 10 de diciembre de 2025, bajo estas nubes, esta lluvia, le decimos al mundo, Venezuela sigue en victoria, Santa In\u00e9s est\u00e1 viva\u00bb, manifest\u00f3 el Primer Mandatario, a\u00f1adiendo que \u00abhoy en nuestras luchas y en estas victorias, seguimos en victoria contra los apellidos y la oligarqu\u00eda rancia y supremacista\u00bb. <br><br>El Jefe de Estado rememor\u00f3 la gesta de 1859, cuando hace 166 a\u00f1os, tras una jornada memorable y admirable, nuestro General del Pueblo Soberano, Ezequiel Zamora, alz\u00f3 la gloriosa bandera tricolor, \u00abla bandera de Miranda, Bol\u00edvar y Sucre\u00bb, para liderar la lucha en los campos de batalla de Santa In\u00e9s. <br><br>En aquella batalla, el Presidente resalt\u00f3 que \u00abuna vez m\u00e1s, fueron los campesinos, los pescadores, los hombres y mujeres humildes, los mestizos, los mulatos y los negros cimarr\u00f3n, quienes propinaron la m\u00e1s grandiosa derrota a la oligarqu\u00eda rancia y supremacista que hab\u00eda traicionado el legado de El Libertador\u00bb. <br><br>\u00abHoy, en nuestras luchas actuales, seguimos en victoria contra los &#8216;apellidos&#8217; y esa oligarqu\u00eda decadente\u201d, precis\u00f3 el presidente Maduro. Destac\u00f3 que la memoria de los verdaderos h\u00e9roes de la patria es inolvidable, especialmente la del General Ezequiel Zamora, el \u00abCara de Cuchillo\u00bb, cuya figura inmortaliz\u00f3 el poeta Alberto Torrealba en el poema \u00e9pico de Florentino y el Diablo. <br><br>El Presidente concluy\u00f3 que en esta fecha hist\u00f3rica, el pueblo celebra que nuestro Florentino, Ezequiel Zamora, junto a su pueblo en armas, \u00abhizo morder el polvo de la derrota al mism\u00edsimo diablo de la opresi\u00f3n y la tiran\u00eda\u00bb.<br><br> \u00a1Santa In\u00e9s Vive! \u00a1Seguimos Venciendo! <\/p>\n\n\n\n<p><strong>Prensa Presidencial \/ Kaylib Maita<\/strong><\/p>\n\n\n\n<p><canvas width=\"18\" height=\"18\"><\/canvas><\/p>\n","protected":false},"excerpt":{"rendered":"<p>Caracas, Venezuela .- El presidente de la Rep\u00fablica Bolivariana de Venezuela, Nicol\u00e1s Maduro Moros, conmemor\u00f3 este mi\u00e9rcoles, 10 de diciembre de 2025, los 166 a\u00f1os de la Batalla de Santa In\u00e9s, asegurando que la Naci\u00f3n se mantiene en victoria contra los enemigos hist\u00f3ricos del pueblo. \u00abHoy, 10 de diciembre de 2025, bajo estas nubes, esta [&hellip;]<\/p>\n","protected":false},"author":1,"featured_media":30676,"comment_status":"open","ping_status":"open","sticky":false,"template":"","format":"standard","meta":{"footnotes":""},"categories":[18,7],"tags":[],"class_list":["post-30657","post","type-post","status-publish","format-standard","has-post-thumbnail","hentry","category-noticias-principales","category-notas-de-prensa"],"_links":{"self":[{"href":"https:\/\/prensapresidencialvenezuela.gob.ve\/index.php\/wp-json\/wp\/v2\/posts\/30657","targetHints":{"allow":["GET"]}}],"collection":[{"href":"https:\/\/prensapresidencialvenezuela.gob.ve\/index.php\/wp-json\/wp\/v2\/posts"}],"about":[{"href":"https:\/\/prensapresidencialvenezuela.gob.ve\/index.php\/wp-json\/wp\/v2\/types\/post"}],"author":[{"embeddable":true,"href":"https:\/\/prensapresidencialvenezuela.gob.ve\/index.php\/wp-json\/wp\/v2\/users\/1"}],"replies":[{"embeddable":true,"href":"https:\/\/prensapresidencialvenezuela.gob.ve\/index.php\/wp-json\/wp\/v2\/comments?post=30657"}],"version-history":[{"count":4,"href":"https:\/\/prensapresidencialvenezuela.gob.ve\/index.php\/wp-json\/wp\/v2\/posts\/30657\/revisions"}],"predecessor-version":[{"id":30677,"href":"https:\/\/prensapresidencialvenezuela.gob.ve\/index.php\/wp-json\/wp\/v2\/posts\/30657\/revisions\/30677"}],"wp:featuredmedia":[{"embeddable":true,"href":"https:\/\/prensapresidencialvenezuela.gob.ve\/index.php\/wp-json\/wp\/v2\/media\/30676"}],"wp:attachment":[{"href":"https:\/\/prensapresidencialvenezuela.gob.ve\/index.php\/wp-json\/wp\/v2\/media?parent=30657"}],"wp:term":[{"taxonomy":"category","embeddable":true,"href":"https:\/\/prensapresidencialvenezuela.gob.ve\/index.php\/wp-json\/wp\/v2\/categories?post=30657"},{"taxonomy":"post_tag","embeddable":true,"href":"https:\/\/prensapresidencialvenezuela.gob.ve\/index.php\/wp-json\/wp\/v2\/tags?post=30657"}],"curies":[{"name":"wp","href":"https:\/\/api.w.org\/{rel}","templated":true}]}}