{"id":3066,"date":"2022-07-12T13:26:00","date_gmt":"2022-07-12T13:26:00","guid":{"rendered":"http:\/\/172.27.0.121\/?p=3066"},"modified":"2022-07-15T19:28:20","modified_gmt":"2022-07-15T19:28:20","slug":"pablo-neruda-poeta-universal-de-corazon-bolivariano","status":"publish","type":"post","link":"https:\/\/prensapresidencialvenezuela.gob.ve\/index.php\/2022\/07\/12\/pablo-neruda-poeta-universal-de-corazon-bolivariano\/","title":{"rendered":"Pablo Neruda, poeta universal de coraz\u00f3n bolivariano"},"content":{"rendered":"\n<p><strong>Palacio de Miraflores, Caracas.- <\/strong>\u201cYo conoc\u00ed a Bol\u00edvar una ma\u00f1ana larga, en Madrid, en la boca del Quinto Regimiento, Padre, le dije, eres o no eres o qui\u00e9n eres?Y mirando el Cuartel de la Monta\u00f1a, dijo: \u00abDespierto cada cien a\u00f1os cuando despierta el pueblo\u00bb, con estas frases Pablo Neruda resaltaba su pasi\u00f3n por Bol\u00edvar, Bol\u00edvar el Libertador, el patriota, el hombre de mil batallas. Ese mismo bolivarianismo que nos inculc\u00f3 hasta la m\u00e9dula el Comandante Eterno Hugo Ch\u00e1vez y que resucit\u00f3 en el pueblo venezolano con el nacimiento de la Revoluci\u00f3n Bolivariana en 1999, que hoy lidera el Presidente Nicol\u00e1s Maduro.<\/p>\n\n\n\n<p>Adem\u00e1s de su amplia trayectoria en el mundo de las letras, Neruda tambi\u00e9n fue conocido como un destacado activista pol\u00edtico, senador, miembro del Comit\u00e9 Central del Partido Comunista, candidato a la presidencia de Chile y embajador en Francia.<\/p>\n\n\n\n<p>Milit\u00f3 en el Partido Comunista de Chile y fue miembro del Consejo Consultivo de la Organizaci\u00f3n de las Naciones Unidas para la Educaci\u00f3n, la Ciencia y la Cultura (Unesco).<\/p>\n\n\n\n<p>El poeta Pablo Neruda falleci\u00f3, el 23 de septiembre de 1973, quince d\u00edas despu\u00e9s del golpe de Estado contra el presidente Salvador Allende, a quien apoy\u00f3 hasta el final. Incluso denunci\u00f3 la conspiraci\u00f3n meses antes el 26 de Mayo de 1973.<\/p>\n\n\n\n<p>Ese d\u00eda le habl\u00f3 por televisi\u00f3n a su pueblo y al mundo sobre la determinaci\u00f3n de la oligarqu\u00eda y el imperialismo de acabar con el Gobierno de la Unidad Popular: \u201cTengo el deber po\u00e9tico, pol\u00edtico y patri\u00f3tico, de advertir a todo Chile de este peligro inminente\u201d, declar\u00f3.<\/p>\n\n\n\n<p><strong>El m\u00e1s grande poeta del siglo XX<\/strong><\/p>\n\n\n\n<p>El nombre de pila de Neruda fue Ricardo Eli\u00e9cer Neftal\u00ed Reyes Basoalto, nacido en Parral, Santiago de Chile, el 12 de julio de 1904, y fallecido el 23 de septiembre de 1973.Fue considerado uno de los poetas m\u00e1s destacados e influyentes artistas de su siglo XX. \u00abEl m\u00e1s grande poeta del siglo XX en cualquier idioma\u00bb, escribi\u00f3 en una oportunidad Gabriel Garc\u00eda M\u00e1rquez.<\/p>\n\n\n\n<p>Entre sus reconocimientos destacan el Premio Nobel de Literatura en 1971 y un Doctorado Honoris Causa por la Universidad de Oxford.<\/p>\n\n\n\n<p>Una Revoluci\u00f3n latinoamericana y caribe\u00f1aEl pensamiento Bolivariano que exalt\u00f3 Neruda y muchos otros grandes poetas del Sur y del Caribe, tambi\u00e9n perme\u00f3 el sentimiento patriota de Hugo Ch\u00e1vez quien se atrevi\u00f3 a estudiar el pensamiento del Libertador desde sus bases: Independencia, justicia social, igualdad, libertad, anticolonialismo e integraci\u00f3n de los pueblos. Entendiendo las condiciones desiguales de Venezuela y de naciones con dictaduras impuestas por Estados Unidos (EE.UU.), origin\u00f3 que miles de humildes apostaran por un cambio de sistema m\u00e1s humano e integracionista.<\/p>\n\n\n\n<p>Tras su elecci\u00f3n como jefe de Estado en 1998, Hugo Ch\u00e1vez, emprendi\u00f3 a romper toda clase de esquemas colonialistas en Venezuela.\u201cEl pensamiento de Bol\u00edvar es el pensamiento que debe impulsar la construcci\u00f3n de nuestro Socialismo Bolivariano, la igualdad y la libertad (\u2026) gobierno eminentemente popular, eminentemente justo, eminentemente moral\u201d, expres\u00f3 el fundador de la Revoluci\u00f3n Bolivariana, durante la presentaci\u00f3n del mensaje anual ante la Asamblea Nacional, en enero de 2008.<\/p>\n\n\n\n<p>El viraje de una democracia representativa a una participativa y protag\u00f3nica visibiliz\u00f3 aquellas personas residentes en zonas alejadas de las vistosas urbes, a los que Galeano catalogaba \u00abLos sin nadie\u00bb.<\/p>\n\n\n\n<p>M\u00e1s vigente que nuncaTras el cambio de paisaje de Ch\u00e1vez, en 2013, tanto Venezuela como otros pueblos latinoamericanos, han padecido una guerra sin precedentes, difamaciones medi\u00e1ticas y persecuci\u00f3n judicial contra dirigentes progresistas ha originado un escenario hostil para el bolivarianismo.<\/p>\n\n\n\n<p>En este sentido, el Mandatario Nacional Nicol\u00e1s Maduro, ha estado al frente de cada batalla en la que han intentado desestabilizar en sus diversas fases a la Rep\u00fablica, no obstante, contin\u00faa trabajando d\u00eda a d\u00eda \u2013a pesar de los embates producidos por una guerra de cuarta generaci\u00f3n- por construir Patria.<\/p>\n\n\n\n<p>\u201cNo ser\u00edamos nada, ni seremos nada sino mantenemos vivo a Bol\u00edvar en la comunidad, en las calles, en las comunas, en los barrios, se acabar\u00eda todo el sue\u00f1o y vendr\u00eda nuevamente el tiempo de la desesperanza, de la traici\u00f3n y de la derrota\u201d, enfatiz\u00f3 el Dignatario durante la entrega del Premio Libertador al Pensamiento Cr\u00edtico de 2019.<\/p>\n\n\n\n<p>Los valores, la convicci\u00f3n, el compromiso e ideales de un hombre que vivi\u00f3 en carne propia las agresiones de una \u00e9poca en la que el pa\u00eds estuvo sumergido en la pobreza, militante activo en partidos de izquierda en rechazo al neoliberalismo, son algunas caracter\u00edsticas del conductor de victorias, del presidente pueblo, Nicol\u00e1s.<\/p>\n\n\n\n<p>Ideales que comulgan con el sue\u00f1o bolivariano, ese del que tanto habl\u00f3 el Comandante Ch\u00e1vez, pensamiento que es acompa\u00f1ado por pa\u00edses del continente suramericano, quienes apoyan y luchan por el respeto, la autodeterminaci\u00f3n y por alcanzar la tan anhelada uni\u00f3n americana que idealiz\u00f3 Sim\u00f3n Bol\u00edvar.<\/p>\n\n\n\n<p>Hoy como pueblo hermanado con el Sur agradecemos a hombres como Pablo Neruda, por su valent\u00eda de atreverse con la letra, la palabra y el poema a levantar las banderas del Bolivarianismo y decimos con su canto al Padre de la Patria:\u00bb(&#8230;) a trav\u00e9s de la noche de Am\u00e9rica con tu mirada mira. la aurora enrojecida por la sangre del hombre. Libertador, un mundo de paz naci\u00f3 en tus brazos. saldr\u00e1n paz, pan y trigo para el mundo que haremos\u00bb.<\/p>\n\n\n\n<p>Neruda vive presente en el coraz\u00f3n del pueblo venezolano, con su inmortal Canto a Sim\u00f3n Bol\u00edvar, poema que declam\u00f3 el Comandante Hugo Ch\u00e1vez en diferentes oportunidades y que hasta ahora antecede al canto de las gloriosas notas del Himno Nacional de la Rep\u00fablica Bolivariana de Venezuela.<\/p>\n\n\n\n<p><strong>Prensa Presidencial \/ Karla Cotoret<\/strong><\/p>\n","protected":false},"excerpt":{"rendered":"<p>Palacio de Miraflores, Caracas.- \u201cYo conoc\u00ed a Bol\u00edvar una ma\u00f1ana larga, en Madrid, en la boca del Quinto Regimiento, Padre, le dije, eres o no eres o qui\u00e9n eres?Y mirando el Cuartel de la Monta\u00f1a, dijo: \u00abDespierto cada cien a\u00f1os cuando despierta el pueblo\u00bb, con estas frases Pablo Neruda resaltaba su pasi\u00f3n por Bol\u00edvar, Bol\u00edvar [&hellip;]<\/p>\n","protected":false},"author":6,"featured_media":3067,"comment_status":"open","ping_status":"open","sticky":false,"template":"","format":"standard","meta":{"footnotes":""},"categories":[10],"tags":[],"class_list":["post-3066","post","type-post","status-publish","format-standard","has-post-thumbnail","hentry","category-especiales"],"_links":{"self":[{"href":"https:\/\/prensapresidencialvenezuela.gob.ve\/index.php\/wp-json\/wp\/v2\/posts\/3066","targetHints":{"allow":["GET"]}}],"collection":[{"href":"https:\/\/prensapresidencialvenezuela.gob.ve\/index.php\/wp-json\/wp\/v2\/posts"}],"about":[{"href":"https:\/\/prensapresidencialvenezuela.gob.ve\/index.php\/wp-json\/wp\/v2\/types\/post"}],"author":[{"embeddable":true,"href":"https:\/\/prensapresidencialvenezuela.gob.ve\/index.php\/wp-json\/wp\/v2\/users\/6"}],"replies":[{"embeddable":true,"href":"https:\/\/prensapresidencialvenezuela.gob.ve\/index.php\/wp-json\/wp\/v2\/comments?post=3066"}],"version-history":[{"count":1,"href":"https:\/\/prensapresidencialvenezuela.gob.ve\/index.php\/wp-json\/wp\/v2\/posts\/3066\/revisions"}],"predecessor-version":[{"id":3068,"href":"https:\/\/prensapresidencialvenezuela.gob.ve\/index.php\/wp-json\/wp\/v2\/posts\/3066\/revisions\/3068"}],"wp:featuredmedia":[{"embeddable":true,"href":"https:\/\/prensapresidencialvenezuela.gob.ve\/index.php\/wp-json\/wp\/v2\/media\/3067"}],"wp:attachment":[{"href":"https:\/\/prensapresidencialvenezuela.gob.ve\/index.php\/wp-json\/wp\/v2\/media?parent=3066"}],"wp:term":[{"taxonomy":"category","embeddable":true,"href":"https:\/\/prensapresidencialvenezuela.gob.ve\/index.php\/wp-json\/wp\/v2\/categories?post=3066"},{"taxonomy":"post_tag","embeddable":true,"href":"https:\/\/prensapresidencialvenezuela.gob.ve\/index.php\/wp-json\/wp\/v2\/tags?post=3066"}],"curies":[{"name":"wp","href":"https:\/\/api.w.org\/{rel}","templated":true}]}}