{"id":30669,"date":"2025-12-10T18:06:06","date_gmt":"2025-12-10T22:06:06","guid":{"rendered":"https:\/\/prensapresidencialvenezuela.gob.ve\/?p=30669"},"modified":"2025-12-10T18:06:06","modified_gmt":"2025-12-10T22:06:06","slug":"jefe-de-estado-mas-temprano-que-tarde-tenemos-que-refundar-la-gran-colombia","status":"publish","type":"post","link":"https:\/\/prensapresidencialvenezuela.gob.ve\/index.php\/2025\/12\/10\/jefe-de-estado-mas-temprano-que-tarde-tenemos-que-refundar-la-gran-colombia\/","title":{"rendered":"Jefe de Estado: \u00a1M\u00e1s temprano que tarde tenemos que refundar la Gran Colombia!"},"content":{"rendered":"\n<p><strong>Caracas, Venezuela.- <\/strong>El presidente de la Rep\u00fablica Bolivariana de Venezuela, Nicol\u00e1s Maduro Moros, conmemor\u00f3 este mi\u00e9rcoles, 10 de diciembre de 2025, el 195 aniversario de la \u00daltima Proclama del Libertador Sim\u00f3n Bol\u00edvar, dictada en Santa Marta. <\/p>\n\n\n\n<p>El Mandatario Nacional rindi\u00f3 homenaje al \u00abl\u00edder eterno, al m\u00e1s grande jefe pol\u00edtico militar de la historia de la Am\u00e9rica\u00bb, recordando c\u00f3mo hace 195 a\u00f1os, Bol\u00edvar, \u00abapu\u00f1alado, traicionado por Santander, traicionado por Juan Jos\u00e9 Flores, traicionado por P\u00e1ez, apu\u00f1alado moralmente, dictaba su \u00faltima proclama\u00bb. <\/p>\n\n\n\n<p>Desde Caracas, el presidente Maduro envi\u00f3 un saludo al pueblo de Colombia y proclam\u00f3, \u00abm\u00e1s temprano que tarde tenemos que refundar la Gran Colombia\u00bb. Inst\u00f3 a los pueblos hermanos a unirse bajo el estandarte tricolor, s\u00edmbolo de la riqueza, la valent\u00eda y la sangre libertadora. <\/p>\n\n\n\n<p>El Presidente finaliz\u00f3 con un mensaje de urgencia bolivariana. \u00ab\u00a1Alerta Colombia! Se acerca el tiempo de uni\u00f3n, gran colombiana, de uni\u00f3n bolivariana. Lo s\u00e9, lo presiento en mi coraz\u00f3n&#8230; Venezuela, Colombia, Suram\u00e9rica, nuestro pueblo en perfecta uni\u00f3n popular, militar, policial, est\u00e1 listo para refundar desde nuestra tierra la Gran Uni\u00f3n Bolivariana y Gran Colombiana de tiempo eterno, de siglos eternos\u00bb.<\/p>\n\n\n\n<p><strong>Prensa Presidencial \/ Kaylib Maita<\/strong><\/p>\n\n\n\n<p><\/p>\n","protected":false},"excerpt":{"rendered":"<p>Caracas, Venezuela.- El presidente de la Rep\u00fablica Bolivariana de Venezuela, Nicol\u00e1s Maduro Moros, conmemor\u00f3 este mi\u00e9rcoles, 10 de diciembre de 2025, el 195 aniversario de la \u00daltima Proclama del Libertador Sim\u00f3n Bol\u00edvar, dictada en Santa Marta. El Mandatario Nacional rindi\u00f3 homenaje al \u00abl\u00edder eterno, al m\u00e1s grande jefe pol\u00edtico militar de la historia de la [&hellip;]<\/p>\n","protected":false},"author":1,"featured_media":30671,"comment_status":"open","ping_status":"open","sticky":false,"template":"","format":"standard","meta":{"footnotes":""},"categories":[18,7],"tags":[],"class_list":["post-30669","post","type-post","status-publish","format-standard","has-post-thumbnail","hentry","category-noticias-principales","category-notas-de-prensa"],"_links":{"self":[{"href":"https:\/\/prensapresidencialvenezuela.gob.ve\/index.php\/wp-json\/wp\/v2\/posts\/30669","targetHints":{"allow":["GET"]}}],"collection":[{"href":"https:\/\/prensapresidencialvenezuela.gob.ve\/index.php\/wp-json\/wp\/v2\/posts"}],"about":[{"href":"https:\/\/prensapresidencialvenezuela.gob.ve\/index.php\/wp-json\/wp\/v2\/types\/post"}],"author":[{"embeddable":true,"href":"https:\/\/prensapresidencialvenezuela.gob.ve\/index.php\/wp-json\/wp\/v2\/users\/1"}],"replies":[{"embeddable":true,"href":"https:\/\/prensapresidencialvenezuela.gob.ve\/index.php\/wp-json\/wp\/v2\/comments?post=30669"}],"version-history":[{"count":1,"href":"https:\/\/prensapresidencialvenezuela.gob.ve\/index.php\/wp-json\/wp\/v2\/posts\/30669\/revisions"}],"predecessor-version":[{"id":30672,"href":"https:\/\/prensapresidencialvenezuela.gob.ve\/index.php\/wp-json\/wp\/v2\/posts\/30669\/revisions\/30672"}],"wp:featuredmedia":[{"embeddable":true,"href":"https:\/\/prensapresidencialvenezuela.gob.ve\/index.php\/wp-json\/wp\/v2\/media\/30671"}],"wp:attachment":[{"href":"https:\/\/prensapresidencialvenezuela.gob.ve\/index.php\/wp-json\/wp\/v2\/media?parent=30669"}],"wp:term":[{"taxonomy":"category","embeddable":true,"href":"https:\/\/prensapresidencialvenezuela.gob.ve\/index.php\/wp-json\/wp\/v2\/categories?post=30669"},{"taxonomy":"post_tag","embeddable":true,"href":"https:\/\/prensapresidencialvenezuela.gob.ve\/index.php\/wp-json\/wp\/v2\/tags?post=30669"}],"curies":[{"name":"wp","href":"https:\/\/api.w.org\/{rel}","templated":true}]}}