{"id":30678,"date":"2025-12-10T18:20:31","date_gmt":"2025-12-10T22:20:31","guid":{"rendered":"https:\/\/prensapresidencialvenezuela.gob.ve\/?p=30678"},"modified":"2025-12-10T18:20:32","modified_gmt":"2025-12-10T22:20:32","slug":"pueblo-venezolano-y-milicia-bolivariana-engranaje-perfecto-para-la-defensa-integral-de-la-patria","status":"publish","type":"post","link":"https:\/\/prensapresidencialvenezuela.gob.ve\/index.php\/2025\/12\/10\/pueblo-venezolano-y-milicia-bolivariana-engranaje-perfecto-para-la-defensa-integral-de-la-patria\/","title":{"rendered":"Pueblo venezolano y Milicia Bolivariana: Engranaje perfecto para la Defensa Integral de la Patria"},"content":{"rendered":"\n<p><strong>Caracas, Venezuela. &#8211;<\/strong> El presidente de la Rep\u00fablica Bolivariana de Venezuela, Nicol\u00e1s Maduro Moros, asever\u00f3 que en \u00abVenezuela se acabaron los gobiernos a\u00e9reos, y que la Revoluci\u00f3n Bolivariana est\u00e1 en la construcci\u00f3n del Estado Comunal de justicia y de libertad\u00bb, para el pueblo venezolano. \u00a0<\/p>\n\n\n\n<p>Asimismo, dijo que el poder lo debe tener el pueblo, un \u00abpoder integral de la pol\u00edtica y el poder de los fusiles\u00bb, con la creaci\u00f3n de la Milicia Bolivariana (MB), la Milicia Campesina, el poder social, cultural, organizativo, pol\u00edtico, militar y gubernamental, en las bases del territorio.<\/p>\n\n\n\n<p>\u00abAqu\u00ed est\u00e1 el comandante General de la MB, MG Romero Bol\u00edvar. \u00a1Que viva la Milicia Campesina! \u00a1Que viva la Milicia Obrera! M\u00e1s de 6.200.000 milicianos, soldados y soldadas de Bol\u00edvar y Ezequiel Zamora, un pueblo empoderado y organizado para la Defensa Integral de la Patria\u00bb, expres\u00f3 con fervor el presidente Nicol\u00e1s Maduro.<\/p>\n\n\n\n<p>En el mismo orden de ideas, el l\u00edder de la Revoluci\u00f3n Bolivariana, destac\u00f3 que el comandante Hugo Ch\u00e1vez fue quien resucit\u00f3 la idea original del Libertador Bol\u00edvar, a\u00f1adiendo al mismo tiempo, que el Comandante Ch\u00e1vez seguir\u00e1 siendo un gran l\u00edder, bolivariano, original, aut\u00e9ntico y valiente, y el que \u00abtrajo el despertar de la conciencia bolivariana en Am\u00e9rica Latina y el Caribe\u00bb.<\/p>\n\n\n\n<p>Por otra parte, el Mandatario venezolano ha se\u00f1alado que la escuela y formaci\u00f3n de los venezolanos viene de las calles, de los barrios, de los campos y de las asambleas sindicales, y que, por ello, \u00e9l, \u00abno fue, ni jam\u00e1s querr\u00e1 ser un magnate multimillonario, porque fue y ser\u00e1 siempre \u00abNicol\u00e1s Maduro Moros, el muchacho de los barrios, el Presidente Obrero, el Presidente pueblo\u00bb.<\/p>\n\n\n\n<p><strong>Prensa Presidencial\/ Irmary D\u00edaz <\/strong><strong><\/strong><\/p>\n","protected":false},"excerpt":{"rendered":"<p>Caracas, Venezuela. &#8211; El presidente de la Rep\u00fablica Bolivariana de Venezuela, Nicol\u00e1s Maduro Moros, asever\u00f3 que en \u00abVenezuela se acabaron los gobiernos a\u00e9reos, y que la Revoluci\u00f3n Bolivariana est\u00e1 en la construcci\u00f3n del Estado Comunal de justicia y de libertad\u00bb, para el pueblo venezolano. \u00a0 Asimismo, dijo que el poder lo debe tener el pueblo, [&hellip;]<\/p>\n","protected":false},"author":1,"featured_media":30679,"comment_status":"open","ping_status":"open","sticky":false,"template":"","format":"standard","meta":{"footnotes":""},"categories":[18,7],"tags":[],"class_list":["post-30678","post","type-post","status-publish","format-standard","has-post-thumbnail","hentry","category-noticias-principales","category-notas-de-prensa"],"_links":{"self":[{"href":"https:\/\/prensapresidencialvenezuela.gob.ve\/index.php\/wp-json\/wp\/v2\/posts\/30678","targetHints":{"allow":["GET"]}}],"collection":[{"href":"https:\/\/prensapresidencialvenezuela.gob.ve\/index.php\/wp-json\/wp\/v2\/posts"}],"about":[{"href":"https:\/\/prensapresidencialvenezuela.gob.ve\/index.php\/wp-json\/wp\/v2\/types\/post"}],"author":[{"embeddable":true,"href":"https:\/\/prensapresidencialvenezuela.gob.ve\/index.php\/wp-json\/wp\/v2\/users\/1"}],"replies":[{"embeddable":true,"href":"https:\/\/prensapresidencialvenezuela.gob.ve\/index.php\/wp-json\/wp\/v2\/comments?post=30678"}],"version-history":[{"count":1,"href":"https:\/\/prensapresidencialvenezuela.gob.ve\/index.php\/wp-json\/wp\/v2\/posts\/30678\/revisions"}],"predecessor-version":[{"id":30681,"href":"https:\/\/prensapresidencialvenezuela.gob.ve\/index.php\/wp-json\/wp\/v2\/posts\/30678\/revisions\/30681"}],"wp:featuredmedia":[{"embeddable":true,"href":"https:\/\/prensapresidencialvenezuela.gob.ve\/index.php\/wp-json\/wp\/v2\/media\/30679"}],"wp:attachment":[{"href":"https:\/\/prensapresidencialvenezuela.gob.ve\/index.php\/wp-json\/wp\/v2\/media?parent=30678"}],"wp:term":[{"taxonomy":"category","embeddable":true,"href":"https:\/\/prensapresidencialvenezuela.gob.ve\/index.php\/wp-json\/wp\/v2\/categories?post=30678"},{"taxonomy":"post_tag","embeddable":true,"href":"https:\/\/prensapresidencialvenezuela.gob.ve\/index.php\/wp-json\/wp\/v2\/tags?post=30678"}],"curies":[{"name":"wp","href":"https:\/\/api.w.org\/{rel}","templated":true}]}}