{"id":30687,"date":"2025-12-10T19:12:15","date_gmt":"2025-12-10T23:12:15","guid":{"rendered":"https:\/\/prensapresidencialvenezuela.gob.ve\/?p=30687"},"modified":"2025-12-10T19:12:16","modified_gmt":"2025-12-10T23:12:16","slug":"10-millones-de-hectareas-productivas-contribuiran-al-plan-productivo-nacional","status":"publish","type":"post","link":"https:\/\/prensapresidencialvenezuela.gob.ve\/index.php\/2025\/12\/10\/10-millones-de-hectareas-productivas-contribuiran-al-plan-productivo-nacional\/","title":{"rendered":"10 millones de hect\u00e1reas productivas contribuir\u00e1n al Plan Productivo Nacional"},"content":{"rendered":"\n<p><strong>Caracas, Venezuela. \u2013 <\/strong>El presidente de la Rep\u00fablica Bolivariana de Venezuela, Nicol\u00e1s Maduro Moros, instruy\u00f3 a la vicepresidenta Ejecutiva, Delcy Rodr\u00edguez, y al ministro del Poder Popular de Pesca y Acuicultura, Juan Carlos Loyo, a ejecutar el Plan Agr\u00edcola para la consolidaci\u00f3n de la econom\u00eda diversificada y con capacidad de generar excedentes para la exportaci\u00f3n. <br><br>En el mismo orden de ideas, precis\u00f3 que se deben acelerar los recursos y la inversi\u00f3n para incrementar la producci\u00f3n de m\u00e1s de 10 millones de hect\u00e1reas productivas,que \u00abpueden empezar a producir de manera creciente para el pueblo de Venezuela y para exportar\u00bb. <\/p>\n\n\n\n<p>Asimismo, subray\u00f3 que ser\u00e1n los productores campesinos quienes asumir\u00e1n el compromiso de impulsar la soberan\u00eda alimentaria y defender la Patria frente a cualquier amenaza externa. <\/p>\n\n\n\n<p>El Dignatario tambi\u00e9n se\u00f1al\u00f3 que las manos productoras del pueblo, son las mismas que \u00abagarran los fusiles, los tanques y los misiles para defender esta tierra sagrada de cualquier imperio invasor, de cualquier imperio agresor\u00bb, expresando a su vez, de manera contundente, que Venezuela seguir\u00e1 luchando por preservar la paz. <\/p>\n\n\n\n<p>\u00abLo dijo Bol\u00edvar m\u00faltiples veces. La paz ser\u00e1 mi puerto, mi anhelo, lo que m\u00e1s quiero para la Patria\u00bb, manifest\u00f3. <\/p>\n\n\n\n<p><strong>Prensa Presidencial \/ Irmary D\u00edaz<\/strong><\/p>\n","protected":false},"excerpt":{"rendered":"<p>Caracas, Venezuela. \u2013 El presidente de la Rep\u00fablica Bolivariana de Venezuela, Nicol\u00e1s Maduro Moros, instruy\u00f3 a la vicepresidenta Ejecutiva, Delcy Rodr\u00edguez, y al ministro del Poder Popular de Pesca y Acuicultura, Juan Carlos Loyo, a ejecutar el Plan Agr\u00edcola para la consolidaci\u00f3n de la econom\u00eda diversificada y con capacidad de generar excedentes para la exportaci\u00f3n. [&hellip;]<\/p>\n","protected":false},"author":15,"featured_media":30688,"comment_status":"open","ping_status":"open","sticky":false,"template":"","format":"standard","meta":{"footnotes":""},"categories":[18,7],"tags":[],"class_list":["post-30687","post","type-post","status-publish","format-standard","has-post-thumbnail","hentry","category-noticias-principales","category-notas-de-prensa"],"_links":{"self":[{"href":"https:\/\/prensapresidencialvenezuela.gob.ve\/index.php\/wp-json\/wp\/v2\/posts\/30687","targetHints":{"allow":["GET"]}}],"collection":[{"href":"https:\/\/prensapresidencialvenezuela.gob.ve\/index.php\/wp-json\/wp\/v2\/posts"}],"about":[{"href":"https:\/\/prensapresidencialvenezuela.gob.ve\/index.php\/wp-json\/wp\/v2\/types\/post"}],"author":[{"embeddable":true,"href":"https:\/\/prensapresidencialvenezuela.gob.ve\/index.php\/wp-json\/wp\/v2\/users\/15"}],"replies":[{"embeddable":true,"href":"https:\/\/prensapresidencialvenezuela.gob.ve\/index.php\/wp-json\/wp\/v2\/comments?post=30687"}],"version-history":[{"count":1,"href":"https:\/\/prensapresidencialvenezuela.gob.ve\/index.php\/wp-json\/wp\/v2\/posts\/30687\/revisions"}],"predecessor-version":[{"id":30689,"href":"https:\/\/prensapresidencialvenezuela.gob.ve\/index.php\/wp-json\/wp\/v2\/posts\/30687\/revisions\/30689"}],"wp:featuredmedia":[{"embeddable":true,"href":"https:\/\/prensapresidencialvenezuela.gob.ve\/index.php\/wp-json\/wp\/v2\/media\/30688"}],"wp:attachment":[{"href":"https:\/\/prensapresidencialvenezuela.gob.ve\/index.php\/wp-json\/wp\/v2\/media?parent=30687"}],"wp:term":[{"taxonomy":"category","embeddable":true,"href":"https:\/\/prensapresidencialvenezuela.gob.ve\/index.php\/wp-json\/wp\/v2\/categories?post=30687"},{"taxonomy":"post_tag","embeddable":true,"href":"https:\/\/prensapresidencialvenezuela.gob.ve\/index.php\/wp-json\/wp\/v2\/tags?post=30687"}],"curies":[{"name":"wp","href":"https:\/\/api.w.org\/{rel}","templated":true}]}}