{"id":30696,"date":"2025-12-10T19:34:02","date_gmt":"2025-12-10T23:34:02","guid":{"rendered":"https:\/\/prensapresidencialvenezuela.gob.ve\/?p=30696"},"modified":"2025-12-10T19:34:02","modified_gmt":"2025-12-10T23:34:02","slug":"presidente-maduro-llama-a-la-unidad-sigamos-en-marcha-triunfante-construyendo-la-revolucion-bolivariana-del-siglo-xxi","status":"publish","type":"post","link":"https:\/\/prensapresidencialvenezuela.gob.ve\/index.php\/2025\/12\/10\/presidente-maduro-llama-a-la-unidad-sigamos-en-marcha-triunfante-construyendo-la-revolucion-bolivariana-del-siglo-xxi\/","title":{"rendered":"Presidente Maduro llama a la unidad, \u00absigamos en marcha triunfante, construyendo la Revoluci\u00f3n Bolivariana del siglo XXI\u00bb"},"content":{"rendered":"\n<p><strong>Caracas, Venezuela .<\/strong>&#8211; El presidente de la Rep\u00fablica Bolivariana de Venezuela, Nicol\u00e1s Maduro Moros, convoc\u00f3 al pueblo a mantener la marcha victoriosa del proceso revolucionario, declarando que la Naci\u00f3n ha roto el maleficio hist\u00f3rico de la traici\u00f3n y est\u00e1 construyendo la paz y la independencia a trav\u00e9s del Poder Popular. <\/p>\n\n\n\n<p>El Mandatario Nacional inici\u00f3 su mensaje que el tiempo actual exige lealtad y valent\u00eda, sentenciando que \u00abno es tiempo para los cobardes, para pusil\u00e1nimes, no es tiempo de Santander, no es tiempo de P\u00e1ez\u00bb, sino para el coraje de Bol\u00edvar y Zamora. Enfatiz\u00f3 que \u00aben estos tiempos de historia, no es tiempo para Santander, es tiempo para Bol\u00edvar, el soldado leal y patriota. \u00a1Leales siempre, traidores nunca!\u00bb. <\/p>\n\n\n\n<p>El presidente Maduro resalt\u00f3 que la Naci\u00f3n est\u00e1 movilizando \u00abel inmenso poder que est\u00e1 solo en el pueblo soberano\u00bb a trav\u00e9s del Proceso Popular Constituyente. Como prueba de ello, destac\u00f3 la creaci\u00f3n de la Uni\u00f3n Nacional Campesina Ezequiel Zamora y el anuncio de la pr\u00f3xima instalaci\u00f3n del Congreso Nacional con m\u00e1s de 70 mil delegados electos de la clase obrera. <\/p>\n\n\n\n<p>Afirm\u00f3 que esta fuerza est\u00e1 construyendo \u00abel poder de la Naci\u00f3n venezolana para ser irreversible la paz, la independencia y la Revoluci\u00f3n Bolivariana del Siglo XXI\u00bb. Al conmemorar la victoria de Santa In\u00e9s y el aniversario de la \u00faltima proclama de Bol\u00edvar, el Presidente asegur\u00f3, \u00abNosotros acabamos y rompimos el maleficio de la traici\u00f3n hist\u00f3rica al pueblo, a Bol\u00edvar y a Zamora, y por eso estamos de pie y por eso estamos victoriosos\u00bb.<\/p>\n\n\n\n<p><strong>Prensa Presidencial\/ Kaylib Maita <\/strong><\/p>\n","protected":false},"excerpt":{"rendered":"<p>Caracas, Venezuela .&#8211; El presidente de la Rep\u00fablica Bolivariana de Venezuela, Nicol\u00e1s Maduro Moros, convoc\u00f3 al pueblo a mantener la marcha victoriosa del proceso revolucionario, declarando que la Naci\u00f3n ha roto el maleficio hist\u00f3rico de la traici\u00f3n y est\u00e1 construyendo la paz y la independencia a trav\u00e9s del Poder Popular. El Mandatario Nacional inici\u00f3 su [&hellip;]<\/p>\n","protected":false},"author":1,"featured_media":30698,"comment_status":"open","ping_status":"open","sticky":false,"template":"","format":"standard","meta":{"footnotes":""},"categories":[18,7],"tags":[],"class_list":["post-30696","post","type-post","status-publish","format-standard","has-post-thumbnail","hentry","category-noticias-principales","category-notas-de-prensa"],"_links":{"self":[{"href":"https:\/\/prensapresidencialvenezuela.gob.ve\/index.php\/wp-json\/wp\/v2\/posts\/30696","targetHints":{"allow":["GET"]}}],"collection":[{"href":"https:\/\/prensapresidencialvenezuela.gob.ve\/index.php\/wp-json\/wp\/v2\/posts"}],"about":[{"href":"https:\/\/prensapresidencialvenezuela.gob.ve\/index.php\/wp-json\/wp\/v2\/types\/post"}],"author":[{"embeddable":true,"href":"https:\/\/prensapresidencialvenezuela.gob.ve\/index.php\/wp-json\/wp\/v2\/users\/1"}],"replies":[{"embeddable":true,"href":"https:\/\/prensapresidencialvenezuela.gob.ve\/index.php\/wp-json\/wp\/v2\/comments?post=30696"}],"version-history":[{"count":1,"href":"https:\/\/prensapresidencialvenezuela.gob.ve\/index.php\/wp-json\/wp\/v2\/posts\/30696\/revisions"}],"predecessor-version":[{"id":30699,"href":"https:\/\/prensapresidencialvenezuela.gob.ve\/index.php\/wp-json\/wp\/v2\/posts\/30696\/revisions\/30699"}],"wp:featuredmedia":[{"embeddable":true,"href":"https:\/\/prensapresidencialvenezuela.gob.ve\/index.php\/wp-json\/wp\/v2\/media\/30698"}],"wp:attachment":[{"href":"https:\/\/prensapresidencialvenezuela.gob.ve\/index.php\/wp-json\/wp\/v2\/media?parent=30696"}],"wp:term":[{"taxonomy":"category","embeddable":true,"href":"https:\/\/prensapresidencialvenezuela.gob.ve\/index.php\/wp-json\/wp\/v2\/categories?post=30696"},{"taxonomy":"post_tag","embeddable":true,"href":"https:\/\/prensapresidencialvenezuela.gob.ve\/index.php\/wp-json\/wp\/v2\/tags?post=30696"}],"curies":[{"name":"wp","href":"https:\/\/api.w.org\/{rel}","templated":true}]}}