{"id":30704,"date":"2025-12-10T19:49:58","date_gmt":"2025-12-10T23:49:58","guid":{"rendered":"https:\/\/prensapresidencialvenezuela.gob.ve\/?p=30704"},"modified":"2025-12-10T19:50:21","modified_gmt":"2025-12-10T23:50:21","slug":"pueblos-del-mundo-rechazan-agresion-militar-de-estados-unidos-en-el-caribe","status":"publish","type":"post","link":"https:\/\/prensapresidencialvenezuela.gob.ve\/index.php\/2025\/12\/10\/pueblos-del-mundo-rechazan-agresion-militar-de-estados-unidos-en-el-caribe\/","title":{"rendered":"Pueblos del mundo rechazan agresi\u00f3n militar de Estados Unidos en el Caribe\u00a0"},"content":{"rendered":"\n<p><strong>Caracas, Venezuela. &#8211;<\/strong> \u00abSe ha levantado un poderoso movimiento de opini\u00f3n p\u00fablica en rechazo a la agresi\u00f3n militar del gobierno de los Estados Unidos contra Venezuela y el Caribe\u00bb, as\u00ed lo dijo el presidente de la Rep\u00fablica Bolivariana de Venezuela, Nicol\u00e1s Maduro Moros, para aseverar que casi el 70% del pueblo estadounidense est\u00e1 en contra de una guerra contra el pueblo de Venezuela.<\/p>\n\n\n\n<p>El l\u00edder de la Revoluci\u00f3n Bolivariana, se\u00f1al\u00f3 que el pa\u00eds, en estos tiempos, debe ser diferente, y \u00abmantenerse como guerreros, guerreras, con un ojo pelado y el otro tambi\u00e9n\u00bb, pero trabajando incansablemente, produciendo y construyendo, para mantener el funcionamiento de todo, siempre.<\/p>\n\n\n\n<p>\u00ab(\u2026)&nbsp; preparados para partirle los dientes al imperio norteamericano, si hiciera falta, desde la Patria de Bol\u00edvar. Es de hacer notar que se ha levantado un poderoso movimiento de opini\u00f3n p\u00fablica en el mundo, de rechazo a la agresi\u00f3n militar del gobierno de Estados Unidos contra Venezuela y el Caribe\u00bb, &nbsp;<\/p>\n\n\n\n<p>En el mismo contexto, el Mandatario Nacional record\u00f3 que d\u00edas pasados, \u00abla Sayona fascista y criminal\u00bb, de Mar\u00eda Corina Machado, convoc\u00f3 a grandes marchas, agregando, adem\u00e1s, que s\u00ed, le consta que \u00abse dieron m\u00e1s de 65 marchas, aunque estas fueron en contra de la guerra y apoyando al pueblo de Venezuela en su lucha por la paz\u00bb.<\/p>\n\n\n\n<blockquote class=\"wp-block-quote is-layout-flow wp-block-quote-is-layout-flow\">\n<p>\u00abEsas fueron las marchas, porque ni en Miami se vio un alma apoyando a esta fascista\u00bb, enfatiz\u00f3 el presidente Nicol\u00e1s Maduro.<\/p>\n<\/blockquote>\n\n\n\n<p>En el mismo orden de ideas, el Jefe de Estado hizo un llamado a los pueblos del mundo a terminar con las guerras eternas y masacres imperiales, expresando con fuerza, lo siguiente: \u00a1Carajo!, esta Patria, no ser\u00e1 colonizada jam\u00e1s por ning\u00fan Imperio!.&nbsp;<\/p>\n\n\n\n<p><strong>Prensa Presidencial\/ Irmary D\u00edaz<\/strong><\/p>\n","protected":false},"excerpt":{"rendered":"<p>Caracas, Venezuela. &#8211; \u00abSe ha levantado un poderoso movimiento de opini\u00f3n p\u00fablica en rechazo a la agresi\u00f3n militar del gobierno de los Estados Unidos contra Venezuela y el Caribe\u00bb, as\u00ed lo dijo el presidente de la Rep\u00fablica Bolivariana de Venezuela, Nicol\u00e1s Maduro Moros, para aseverar que casi el 70% del pueblo estadounidense est\u00e1 en contra [&hellip;]<\/p>\n","protected":false},"author":15,"featured_media":30705,"comment_status":"open","ping_status":"open","sticky":false,"template":"","format":"standard","meta":{"footnotes":""},"categories":[18,7],"tags":[],"class_list":["post-30704","post","type-post","status-publish","format-standard","has-post-thumbnail","hentry","category-noticias-principales","category-notas-de-prensa"],"_links":{"self":[{"href":"https:\/\/prensapresidencialvenezuela.gob.ve\/index.php\/wp-json\/wp\/v2\/posts\/30704","targetHints":{"allow":["GET"]}}],"collection":[{"href":"https:\/\/prensapresidencialvenezuela.gob.ve\/index.php\/wp-json\/wp\/v2\/posts"}],"about":[{"href":"https:\/\/prensapresidencialvenezuela.gob.ve\/index.php\/wp-json\/wp\/v2\/types\/post"}],"author":[{"embeddable":true,"href":"https:\/\/prensapresidencialvenezuela.gob.ve\/index.php\/wp-json\/wp\/v2\/users\/15"}],"replies":[{"embeddable":true,"href":"https:\/\/prensapresidencialvenezuela.gob.ve\/index.php\/wp-json\/wp\/v2\/comments?post=30704"}],"version-history":[{"count":1,"href":"https:\/\/prensapresidencialvenezuela.gob.ve\/index.php\/wp-json\/wp\/v2\/posts\/30704\/revisions"}],"predecessor-version":[{"id":30707,"href":"https:\/\/prensapresidencialvenezuela.gob.ve\/index.php\/wp-json\/wp\/v2\/posts\/30704\/revisions\/30707"}],"wp:featuredmedia":[{"embeddable":true,"href":"https:\/\/prensapresidencialvenezuela.gob.ve\/index.php\/wp-json\/wp\/v2\/media\/30705"}],"wp:attachment":[{"href":"https:\/\/prensapresidencialvenezuela.gob.ve\/index.php\/wp-json\/wp\/v2\/media?parent=30704"}],"wp:term":[{"taxonomy":"category","embeddable":true,"href":"https:\/\/prensapresidencialvenezuela.gob.ve\/index.php\/wp-json\/wp\/v2\/categories?post=30704"},{"taxonomy":"post_tag","embeddable":true,"href":"https:\/\/prensapresidencialvenezuela.gob.ve\/index.php\/wp-json\/wp\/v2\/tags?post=30704"}],"curies":[{"name":"wp","href":"https:\/\/api.w.org\/{rel}","templated":true}]}}