{"id":30709,"date":"2025-12-10T20:02:32","date_gmt":"2025-12-11T00:02:32","guid":{"rendered":"https:\/\/prensapresidencialvenezuela.gob.ve\/?p=30709"},"modified":"2025-12-10T20:02:32","modified_gmt":"2025-12-11T00:02:32","slug":"venezuela-exige-cese-del-intervencionismo-del-gobierno-de-estados-unidos-en-venezuela-y-en-america-latina","status":"publish","type":"post","link":"https:\/\/prensapresidencialvenezuela.gob.ve\/index.php\/2025\/12\/10\/venezuela-exige-cese-del-intervencionismo-del-gobierno-de-estados-unidos-en-venezuela-y-en-america-latina\/","title":{"rendered":"Venezuela exige cese del intervencionismo del gobierno de Estados Unidos en Venezuela y en Am\u00e9rica Latina"},"content":{"rendered":"\n<p><strong>Caracas, Venezuela.- <\/strong>Durante la gran marcha en tributo al 166 aniversario de la Batalla de Santa In\u00e9s, el presidente de la Rep\u00fablica Bolivariana de Venezuela, Nicol\u00e1s Maduro Moros,asever\u00f3 que desde Venezuela \u00abpedimos y exigimos cese al intervencionismo ilegal y brutal del gobierno de Estados Unidos en Venezuela y en Am\u00e9rica Latina\u00bb.<\/p>\n\n\n\n<blockquote class=\"wp-block-quote is-layout-flow wp-block-quote-is-layout-flow\">\n<p>\u00abBasta de pol\u00edticas de cambio de r\u00e9gimen, de golpe de Estado y de invasiones en el mundo\u00bb, expres\u00f3 el Mandatario venezolano.<\/p>\n<\/blockquote>\n\n\n\n<p>El Presidente tambi\u00e9n subray\u00f3 que los \u00fanicos que garantizan la paz, la estabilidad y el desarrollo arm\u00f3nico de Venezuela, Suram\u00e9rica y el Caribe, \u00absomos nosotros, los Bolivarianos del siglo XXI\u00bb.<\/p>\n\n\n\n<p>En este sentido, el L\u00edder de Venezuela afirm\u00f3 con fuerza que el pueblo venezolano mantiene una posici\u00f3n firme frente a cualquier intento de dominaci\u00f3n, porque \u00abesta Patria le pertenece al noble, soberano y aguerrido pueblo de Venezuela\u00bb.<\/p>\n\n\n\n<p><strong>Prensa Presidencial\/ Irmary D\u00edaz<\/strong><\/p>\n","protected":false},"excerpt":{"rendered":"<p>Caracas, Venezuela.- Durante la gran marcha en tributo al 166 aniversario de la Batalla de Santa In\u00e9s, el presidente de la Rep\u00fablica Bolivariana de Venezuela, Nicol\u00e1s Maduro Moros,asever\u00f3 que desde Venezuela \u00abpedimos y exigimos cese al intervencionismo ilegal y brutal del gobierno de Estados Unidos en Venezuela y en Am\u00e9rica Latina\u00bb. \u00abBasta de pol\u00edticas de [&hellip;]<\/p>\n","protected":false},"author":15,"featured_media":30710,"comment_status":"open","ping_status":"open","sticky":false,"template":"","format":"standard","meta":{"footnotes":""},"categories":[18,7],"tags":[],"class_list":["post-30709","post","type-post","status-publish","format-standard","has-post-thumbnail","hentry","category-noticias-principales","category-notas-de-prensa"],"_links":{"self":[{"href":"https:\/\/prensapresidencialvenezuela.gob.ve\/index.php\/wp-json\/wp\/v2\/posts\/30709","targetHints":{"allow":["GET"]}}],"collection":[{"href":"https:\/\/prensapresidencialvenezuela.gob.ve\/index.php\/wp-json\/wp\/v2\/posts"}],"about":[{"href":"https:\/\/prensapresidencialvenezuela.gob.ve\/index.php\/wp-json\/wp\/v2\/types\/post"}],"author":[{"embeddable":true,"href":"https:\/\/prensapresidencialvenezuela.gob.ve\/index.php\/wp-json\/wp\/v2\/users\/15"}],"replies":[{"embeddable":true,"href":"https:\/\/prensapresidencialvenezuela.gob.ve\/index.php\/wp-json\/wp\/v2\/comments?post=30709"}],"version-history":[{"count":1,"href":"https:\/\/prensapresidencialvenezuela.gob.ve\/index.php\/wp-json\/wp\/v2\/posts\/30709\/revisions"}],"predecessor-version":[{"id":30711,"href":"https:\/\/prensapresidencialvenezuela.gob.ve\/index.php\/wp-json\/wp\/v2\/posts\/30709\/revisions\/30711"}],"wp:featuredmedia":[{"embeddable":true,"href":"https:\/\/prensapresidencialvenezuela.gob.ve\/index.php\/wp-json\/wp\/v2\/media\/30710"}],"wp:attachment":[{"href":"https:\/\/prensapresidencialvenezuela.gob.ve\/index.php\/wp-json\/wp\/v2\/media?parent=30709"}],"wp:term":[{"taxonomy":"category","embeddable":true,"href":"https:\/\/prensapresidencialvenezuela.gob.ve\/index.php\/wp-json\/wp\/v2\/categories?post=30709"},{"taxonomy":"post_tag","embeddable":true,"href":"https:\/\/prensapresidencialvenezuela.gob.ve\/index.php\/wp-json\/wp\/v2\/tags?post=30709"}],"curies":[{"name":"wp","href":"https:\/\/api.w.org\/{rel}","templated":true}]}}