{"id":30717,"date":"2025-12-10T20:17:20","date_gmt":"2025-12-11T00:17:20","guid":{"rendered":"https:\/\/prensapresidencialvenezuela.gob.ve\/?p=30717"},"modified":"2025-12-10T20:22:45","modified_gmt":"2025-12-11T00:22:45","slug":"esta-patria-jamas-sera-colonizada-por-ningun-imperio-enfatizo-el-presidente-maduro","status":"publish","type":"post","link":"https:\/\/prensapresidencialvenezuela.gob.ve\/index.php\/2025\/12\/10\/esta-patria-jamas-sera-colonizada-por-ningun-imperio-enfatizo-el-presidente-maduro\/","title":{"rendered":"\u00abEsta Patria jam\u00e1s ser\u00e1 colonizada por ning\u00fan imperio\u00bb, enfatiz\u00f3 el presidente Maduro"},"content":{"rendered":"\n<p><strong>Caracas, Venezuela .- <\/strong>El presidente de la Rep\u00fablica Bolivariana de Venezuela, Nicol\u00e1s Maduro Moros, emiti\u00f3 este mi\u00e9rcoles un mensaje en el que rechaz\u00f3 las agresiones externas y afirm\u00f3 que el liderazgo bolivariano es el \u00fanico capaz de garantizar la paz, la estabilidad y el desarrollo de la Naci\u00f3n.<\/p>\n\n\n\n<p>El Mandatario Nacional rechaz\u00f3 la violencia global, sentenciando, \u00ab\u00a1Basta de guerra eterna, carajo! \u00a1Basta de guerra, masacres imperiales!\u00bb. Reforzando el compromiso de la Naci\u00f3n, el Presidente declar\u00f3, \u00abTenemos la raz\u00f3n y esta Patria le pertenece al noble, soberano, aguerrido pueblo de Venezuela, y esta patria jam\u00e1s ser\u00e1 colonizada por ning\u00fan imperio\u00bb. <\/p>\n\n\n\n<p>Al contrastar la capacidad de liderazgo, el presidente Maduro puso en duda la alternativa opositora, \u00ab\u00bfPuede la ultraderecha gobernar este pa\u00eds alg\u00fan d\u00eda? \u00bfTienen la capacidad para mantener el pa\u00eds en paz y estable?\u00bb. <\/p>\n\n\n\n<p>El Jefe de Estado sentenci\u00f3 que la garant\u00eda del futuro del pa\u00eds reposa en la continuidad del proyecto bolivariano. \u00abLo digo con humildad y sin ego, pero los \u00fanicos que garantizamos la paz y la estabilidad y el desarrollo arm\u00f3nico de Venezuela, Suram\u00e9rica y el Caribe somos nosotros los Bolivarianos del Siglo XXI\u00bb. <\/p>\n\n\n\n<p>Finalmente, el presidente Maduro reafirm\u00f3 su liderazgo y su conexi\u00f3n con la historia patria, \u00abY el \u00fanico presidente que tiene la preparaci\u00f3n, la historia y el apoyo decidido del pueblo, de la Fuerza Armada, de la Polic\u00eda de este pa\u00eds, del poder de la naci\u00f3n, se llama Nicol\u00e1s Maduro Moros, hijo de Ch\u00e1vez, Nicol\u00e1s Maduro, Cacique Indio Duro, hijo de Guaicaipuro\u00bb.<\/p>\n\n\n\n<p><strong>Prensa Presidencial \/ Kaylib Maita<\/strong> <\/p>\n","protected":false},"excerpt":{"rendered":"<p>Caracas, Venezuela .- El presidente de la Rep\u00fablica Bolivariana de Venezuela, Nicol\u00e1s Maduro Moros, emiti\u00f3 este mi\u00e9rcoles un mensaje en el que rechaz\u00f3 las agresiones externas y afirm\u00f3 que el liderazgo bolivariano es el \u00fanico capaz de garantizar la paz, la estabilidad y el desarrollo de la Naci\u00f3n. El Mandatario Nacional rechaz\u00f3 la violencia global, [&hellip;]<\/p>\n","protected":false},"author":1,"featured_media":30718,"comment_status":"open","ping_status":"open","sticky":false,"template":"","format":"standard","meta":{"footnotes":""},"categories":[18,7],"tags":[],"class_list":["post-30717","post","type-post","status-publish","format-standard","has-post-thumbnail","hentry","category-noticias-principales","category-notas-de-prensa"],"_links":{"self":[{"href":"https:\/\/prensapresidencialvenezuela.gob.ve\/index.php\/wp-json\/wp\/v2\/posts\/30717","targetHints":{"allow":["GET"]}}],"collection":[{"href":"https:\/\/prensapresidencialvenezuela.gob.ve\/index.php\/wp-json\/wp\/v2\/posts"}],"about":[{"href":"https:\/\/prensapresidencialvenezuela.gob.ve\/index.php\/wp-json\/wp\/v2\/types\/post"}],"author":[{"embeddable":true,"href":"https:\/\/prensapresidencialvenezuela.gob.ve\/index.php\/wp-json\/wp\/v2\/users\/1"}],"replies":[{"embeddable":true,"href":"https:\/\/prensapresidencialvenezuela.gob.ve\/index.php\/wp-json\/wp\/v2\/comments?post=30717"}],"version-history":[{"count":1,"href":"https:\/\/prensapresidencialvenezuela.gob.ve\/index.php\/wp-json\/wp\/v2\/posts\/30717\/revisions"}],"predecessor-version":[{"id":30719,"href":"https:\/\/prensapresidencialvenezuela.gob.ve\/index.php\/wp-json\/wp\/v2\/posts\/30717\/revisions\/30719"}],"wp:featuredmedia":[{"embeddable":true,"href":"https:\/\/prensapresidencialvenezuela.gob.ve\/index.php\/wp-json\/wp\/v2\/media\/30718"}],"wp:attachment":[{"href":"https:\/\/prensapresidencialvenezuela.gob.ve\/index.php\/wp-json\/wp\/v2\/media?parent=30717"}],"wp:term":[{"taxonomy":"category","embeddable":true,"href":"https:\/\/prensapresidencialvenezuela.gob.ve\/index.php\/wp-json\/wp\/v2\/categories?post=30717"},{"taxonomy":"post_tag","embeddable":true,"href":"https:\/\/prensapresidencialvenezuela.gob.ve\/index.php\/wp-json\/wp\/v2\/tags?post=30717"}],"curies":[{"name":"wp","href":"https:\/\/api.w.org\/{rel}","templated":true}]}}