{"id":3085,"date":"2022-07-21T00:16:17","date_gmt":"2022-07-21T00:16:17","guid":{"rendered":"http:\/\/172.27.0.121\/?p=3085"},"modified":"2022-07-21T00:16:17","modified_gmt":"2022-07-21T00:16:17","slug":"presidente-lidera-promulgacion-de-la-ley-organica-de-zonas-economicas-especiales","status":"publish","type":"post","link":"https:\/\/prensapresidencialvenezuela.gob.ve\/index.php\/2022\/07\/21\/presidente-lidera-promulgacion-de-la-ley-organica-de-zonas-economicas-especiales\/","title":{"rendered":"Presidente lidera promulgaci\u00f3n de la Ley Org\u00e1nica de Zonas Econ\u00f3micas Especiales"},"content":{"rendered":"\n<p><strong>Centro Internacional de Inversi\u00f3n Productiva, Caracas.-<\/strong>&nbsp;El presidente de la Rep\u00fablica Bolivariana de Venezuela, Nicol\u00e1s Maduro, encabeza este mi\u00e9rcoles la promulgaci\u00f3n de la Ley Org\u00e1nica de Zonas Econ\u00f3micas Especiales, como parte de una agenda de trabajo que lidera desde el Centro Internacional de Inversi\u00f3n Productiva (CIIP), ubicado en la ciudad de Caracas.<\/p>\n\n\n\n<p>En el impulso de la econom\u00eda real y diversificada, el Jefe de Estado venezolano, en compa\u00f1\u00eda de diputadas y diputados de la Asamblea Nacional (AN), ratifica las bondades&nbsp; con las que cuenta el pa\u00eds en aras de la vigorizaci\u00f3n del sector econ\u00f3mico venezolano.<\/p>\n\n\n\n<p>\u201cLa Ley de Zonas Econ\u00f3micas Especiales viene a construir nuevos motores territoriales, regionales, en funci\u00f3n de la econom\u00eda productiva y dar confianza a los inversionistas que vienen de todo el mundo\u201d, destac\u00f3 el Presidente.<\/p>\n\n\n\n<p>Acompa\u00f1an al presidente Maduro, la Primera Combatiente de la Rep\u00fablica y Diputada a la Asamblea Nacional, Cilia Flores; diputados a la Asamblea Nacional, entre los cuales est\u00e1n: Jes\u00fas Far\u00eda, Presidente de la Comisi\u00f3n de Finanzas y Desarrollo Econ\u00f3mico del Parlamento venezolano; as\u00ed como los legisladores&nbsp; Nicol\u00e1s Maduro Guerra, Orlando Camacho, Jos\u00e9 Vielma Mora, Ram\u00f3n Lobo, Fernando Bastidas,&nbsp; Jos\u00e9 Gregorio Correa, Oscar Ronderos, Javier Bertucci, Juan Carlos Alvarado y Luis Eduardo Mart\u00ednez.<\/p>\n\n\n\n<p>Adem\u00e1s, participan de esta jornada, en la que se prev\u00e9 el desarrollo de la agenda de trabajo sobre la Ley Org\u00e1nica de las Zonas&nbsp; Econ\u00f3micas Especiales, parte del cuerpo diplom\u00e1tico acreditado en el pa\u00eds, los gobernadores V\u00edctor Clark, por el estado Falc\u00f3n; Alejandro Ter\u00e1n,&nbsp; La Guaira; Eladio Jim\u00e9nez Rattia, Jefe de Gobierno del Territorio Insular Francisco de Miranda; y Rafael Lacava, estado Carabobo; junto a Morel Rodr\u00edguez, del estado Nueva Esparta, ambos v\u00eda videoconferencia.<\/p>\n\n\n\n<p>La Ley Org\u00e1nica de las Zonas Econ\u00f3micas Especiales que ha sido impulsada por el Ejecutivo Nacional y debatida por diversos sectores del pa\u00eds, fue sancionada el pasado 30 de junio, por la Asamblea Nacional, a objeto de contribuir con el desarrollo integral de la Naci\u00f3n, como l\u00ednea estrat\u00e9gica del Plan de la Patria 2019-2025.<\/p>\n\n\n\n<p>Los ejes centrales de este instrumento jur\u00eddico son el despliegue de las fuerzas productivas, la derrota del ilegal bloqueo financiero que ha afectado notablemente la buena marcha del pa\u00eds, as\u00ed como a dar un salto cualitativo para superar el modelo rentista petrolero de los \u00faltimos 100 a\u00f1os.<\/p>\n\n\n\n<p>La Ley Org\u00e1nica de las Zonas Econ\u00f3micas Especiales tambi\u00e9n ratifica los principios de soberan\u00eda y seguridad para inversionistas nacionales y extranjeros, adem\u00e1s de propiciar la ruptura de los obst\u00e1culos asociados a las medidas coercitivas implementadas por Estados Unidos contra Venezuela.<\/p>\n\n\n\n<p><strong>Prensa Presidencial \/ Anais P\u00e9rez<\/strong><\/p>\n","protected":false},"excerpt":{"rendered":"<p>Centro Internacional de Inversi\u00f3n Productiva, Caracas.-&nbsp;El presidente de la Rep\u00fablica Bolivariana de Venezuela, Nicol\u00e1s Maduro, encabeza este mi\u00e9rcoles la promulgaci\u00f3n de la Ley Org\u00e1nica de Zonas Econ\u00f3micas Especiales, como parte de una agenda de trabajo que lidera desde el Centro Internacional de Inversi\u00f3n Productiva (CIIP), ubicado en la ciudad de Caracas. En el impulso de [&hellip;]<\/p>\n","protected":false},"author":6,"featured_media":3086,"comment_status":"open","ping_status":"open","sticky":false,"template":"","format":"standard","meta":{"footnotes":""},"categories":[7],"tags":[],"class_list":["post-3085","post","type-post","status-publish","format-standard","has-post-thumbnail","hentry","category-notas-de-prensa"],"_links":{"self":[{"href":"https:\/\/prensapresidencialvenezuela.gob.ve\/index.php\/wp-json\/wp\/v2\/posts\/3085","targetHints":{"allow":["GET"]}}],"collection":[{"href":"https:\/\/prensapresidencialvenezuela.gob.ve\/index.php\/wp-json\/wp\/v2\/posts"}],"about":[{"href":"https:\/\/prensapresidencialvenezuela.gob.ve\/index.php\/wp-json\/wp\/v2\/types\/post"}],"author":[{"embeddable":true,"href":"https:\/\/prensapresidencialvenezuela.gob.ve\/index.php\/wp-json\/wp\/v2\/users\/6"}],"replies":[{"embeddable":true,"href":"https:\/\/prensapresidencialvenezuela.gob.ve\/index.php\/wp-json\/wp\/v2\/comments?post=3085"}],"version-history":[{"count":1,"href":"https:\/\/prensapresidencialvenezuela.gob.ve\/index.php\/wp-json\/wp\/v2\/posts\/3085\/revisions"}],"predecessor-version":[{"id":3087,"href":"https:\/\/prensapresidencialvenezuela.gob.ve\/index.php\/wp-json\/wp\/v2\/posts\/3085\/revisions\/3087"}],"wp:featuredmedia":[{"embeddable":true,"href":"https:\/\/prensapresidencialvenezuela.gob.ve\/index.php\/wp-json\/wp\/v2\/media\/3086"}],"wp:attachment":[{"href":"https:\/\/prensapresidencialvenezuela.gob.ve\/index.php\/wp-json\/wp\/v2\/media?parent=3085"}],"wp:term":[{"taxonomy":"category","embeddable":true,"href":"https:\/\/prensapresidencialvenezuela.gob.ve\/index.php\/wp-json\/wp\/v2\/categories?post=3085"},{"taxonomy":"post_tag","embeddable":true,"href":"https:\/\/prensapresidencialvenezuela.gob.ve\/index.php\/wp-json\/wp\/v2\/tags?post=3085"}],"curies":[{"name":"wp","href":"https:\/\/api.w.org\/{rel}","templated":true}]}}